{"id":5743,"date":"2019-04-10T15:08:01","date_gmt":"2019-04-10T18:08:01","guid":{"rendered":"https:\/\/www.paranapraia.com.br\/?p=5743"},"modified":"2019-04-10T15:08:03","modified_gmt":"2019-04-10T18:08:03","slug":"shed-encerra-atividades-e-afirma-que-ira-anunciar-novo-endereco","status":"publish","type":"post","link":"https:\/\/www.paranapraia.com.br\/index.php\/2019\/04\/10\/shed-encerra-atividades-e-afirma-que-ira-anunciar-novo-endereco\/","title":{"rendered":"Shed encerra atividades e afirma que ir\u00e1 anunciar novo endere\u00e7o"},"content":{"rendered":"\n<p>A balada sertaneja Shed Western Bar, localizada na Rua Bispo Dom Jos\u00e9, uma das principais vias do bairro Batel, em Curitiba, anunciou que est\u00e1 encerrando suas atividades no local.<\/p>\n\n\n\n<p>Em nota publicada no Facebook do estabelecimento nesta ter\u00e7a-feira (9), a Shed afirmou que \u201cn\u00e3o \u00e9 uma despedida, mas sim um \u2018at\u00e9 breve\u2019\u201d e que vai anunciar um novo endere\u00e7o.<\/p>\n\n\n\n<p>A balada funcionava no Batel h\u00e1 cinco anos e, de acordo com a nota, a medida foi tomada ap\u00f3s um desacordo entre a administra\u00e7\u00e3o do estabelecimento e os propriet\u00e1rios do im\u00f3vel.<\/p>\n\n\n\n<p>MassaNews<\/p>\n","protected":false},"excerpt":{"rendered":"<p>A balada sertaneja Shed Western Bar, localizada na Rua Bispo Dom Jos\u00e9, uma das principais vias do bairro Batel, em Curitiba, anunciou que est\u00e1 encerrando suas atividades no local. Em nota publicada no Facebook do estabelecimento nesta ter\u00e7a-feira (9), a Shed afirmou que \u201cn\u00e3o \u00e9 uma despedida, mas sim um \u2018at\u00e9 breve\u2019\u201d e que vai [&hellip;]<\/p>\n","protected":false},"author":2,"featured_media":5744,"comment_status":"open","ping_status":"open","sticky":false,"template":"","format":"standard","meta":{"advanced_seo_description":"","jetpack_seo_html_title":"","jetpack_seo_noindex":false,"_jetpack_memberships_contains_paid_content":false,"footnotes":""},"categories":[42],"tags":[],"class_list":{"0":"post-5743","1":"post","2":"type-post","3":"status-publish","4":"format-standard","5":"has-post-thumbnail","7":"category-cidades"},"jetpack_featured_media_url":"https:\/\/www.paranapraia.com.br\/wp-content\/uploads\/2019\/04\/ij.jpg","jetpack_sharing_enabled":true,"_links":{"self":[{"href":"https:\/\/www.paranapraia.com.br\/index.php\/wp-json\/wp\/v2\/posts\/5743"}],"collection":[{"href":"https:\/\/www.paranapraia.com.br\/index.php\/wp-json\/wp\/v2\/posts"}],"about":[{"href":"https:\/\/www.paranapraia.com.br\/index.php\/wp-json\/wp\/v2\/types\/post"}],"author":[{"embeddable":true,"href":"https:\/\/www.paranapraia.com.br\/index.php\/wp-json\/wp\/v2\/users\/2"}],"replies":[{"embeddable":true,"href":"https:\/\/www.paranapraia.com.br\/index.php\/wp-json\/wp\/v2\/comments?post=5743"}],"version-history":[{"count":1,"href":"https:\/\/www.paranapraia.com.br\/index.php\/wp-json\/wp\/v2\/posts\/5743\/revisions"}],"predecessor-version":[{"id":5745,"href":"https:\/\/www.paranapraia.com.br\/index.php\/wp-json\/wp\/v2\/posts\/5743\/revisions\/5745"}],"wp:featuredmedia":[{"embeddable":true,"href":"https:\/\/www.paranapraia.com.br\/index.php\/wp-json\/wp\/v2\/media\/5744"}],"wp:attachment":[{"href":"https:\/\/www.paranapraia.com.br\/index.php\/wp-json\/wp\/v2\/media?parent=5743"}],"wp:term":[{"taxonomy":"category","embeddable":true,"href":"https:\/\/www.paranapraia.com.br\/index.php\/wp-json\/wp\/v2\/categories?post=5743"},{"taxonomy":"post_tag","embeddable":true,"href":"https:\/\/www.paranapraia.com.br\/index.php\/wp-json\/wp\/v2\/tags?post=5743"}],"curies":[{"name":"wp","href":"https:\/\/api.w.org\/{rel}","templated":true}]}}