{"id":5734,"date":"2019-04-10T14:59:24","date_gmt":"2019-04-10T17:59:24","guid":{"rendered":"https:\/\/www.paranapraia.com.br\/?p=5734"},"modified":"2019-04-10T14:59:26","modified_gmt":"2019-04-10T17:59:26","slug":"em-busca-de-votos-para-a-previdencia-bolsonaro-tem-nova-rodada-de-conversa-com-partidos","status":"publish","type":"post","link":"https:\/\/www.paranapraia.com.br\/index.php\/2019\/04\/10\/em-busca-de-votos-para-a-previdencia-bolsonaro-tem-nova-rodada-de-conversa-com-partidos\/","title":{"rendered":"Em busca de votos para a Previd\u00eancia, Bolsonaro tem nova rodada de conversa com partidos"},"content":{"rendered":"\n<h4 class=\"wp-block-heading\">Presidente vem se reunindo, desde a semana passada, com dirigentes partid\u00e1rios. Primeira sigla que se encontrou com Bolsonaro nesta quarta-feira foi o PSL.<\/h4>\n\n\n\n<p>Em busca de votos para aprovar no Congresso Nacional a proposta de emenda \u00e0 Constitui\u00e7\u00e3o (PEC) da reforma da Previd\u00eancia, o presidente Jair Bolsonaro voltou a receber no Pal\u00e1cio do Planalto dirigentes partid\u00e1rios.<\/p>\n\n\n\n<p>A agenda divulgada pela assessoria do presidente prev\u00ea encontros, nesta quarta-feira (10), com os presidentes e parlamentares de cinco partidos: PSL, Podemos, Novo, Avante e PSC. As bancadas re\u00fanem, juntas, 88 deputados na C\u00e2mara.<\/p>\n\n\n\n<p>Bancadas na C\u00e2mara<\/p>\n\n\n\n<table class=\"wp-block-table\"><tbody><tr><td>PSL<\/td><td>54<\/td><\/tr><tr><td>Podemos<\/td><td>11<\/td><\/tr><tr><td>Novo<\/td><td>8<\/td><\/tr><tr><td>PSC<\/td><td>8<\/td><\/tr><tr><td>Avante<\/td><td>7<\/td><\/tr><tr><td>Total<\/td><td>88<\/td><\/tr><\/tbody><\/table>\n\n\n\n<p>Fonte: C\u00e2mara dos Deputados<\/p>\n\n\n\n<p>O primeiro encontrou foi com o deputado Luciano Bivar (PE), presidente do PSL, partido de Bolsonaro. Ele chegou ao Planalto por volta de 10h30.<\/p>\n\n\n\n<p>Depois, foi a vez de Renata Abreu, do Podemos. No in\u00edcio da tarde, Bolsonaro se encontrou com Jo\u00e3o Amo\u00eado, do Novo.<\/p>\n\n\n\n<p>Ao sair do encontro com Bolsonaro, Bivar disse que o PSL vai fechar quest\u00e3o pela reforma. Isso siginfica que o partido vai orientar todos seus parlamentares a votar a favor.<\/p>\n\n\n\n<p>Renata Abreu disse que o Podemos \u00e9 a favor da reforma, mas defendeu algumas modifica\u00e7\u00f5es no texto enviado pelo governo ao Congresso.<\/p>\n\n\n\n<p>Na semana passada, Bolsonaro iniciou a rodada de conversas com partidos. Ele recebeu os presidentes de seis siglas (PRB, PSD, PP, PSDB, DEM e MDB). Nesta ter\u00e7a (9), ele esteve com dirigentes do PR e do Solidariedade.<\/p>\n\n\n\n<p>Acompanha o presidente nas audi\u00eancias o ministro da Casa Civil, Onyx Lorenzoni, respons\u00e1vel pela articula\u00e7\u00e3o do governo junto ao Congresso.<\/p>\n\n\n\n<p>G1<\/p>\n","protected":false},"excerpt":{"rendered":"<p>Presidente vem se reunindo, desde a semana passada, com dirigentes partid\u00e1rios. Primeira sigla que se encontrou com Bolsonaro nesta quarta-feira foi o PSL. Em busca de votos para aprovar no Congresso Nacional a proposta de emenda \u00e0 Constitui\u00e7\u00e3o (PEC) da reforma da Previd\u00eancia, o presidente Jair Bolsonaro voltou a receber no Pal\u00e1cio do Planalto dirigentes [&hellip;]<\/p>\n","protected":false},"author":2,"featured_media":5735,"comment_status":"open","ping_status":"open","sticky":false,"template":"","format":"standard","meta":{"advanced_seo_description":"","jetpack_seo_html_title":"","jetpack_seo_noindex":false,"_jetpack_memberships_contains_paid_content":false,"footnotes":""},"categories":[32],"tags":[],"class_list":{"0":"post-5734","1":"post","2":"type-post","3":"status-publish","4":"format-standard","5":"has-post-thumbnail","7":"category-politica"},"jetpack_featured_media_url":"https:\/\/www.paranapraia.com.br\/wp-content\/uploads\/2019\/04\/da-2.jpg","jetpack_sharing_enabled":true,"_links":{"self":[{"href":"https:\/\/www.paranapraia.com.br\/index.php\/wp-json\/wp\/v2\/posts\/5734"}],"collection":[{"href":"https:\/\/www.paranapraia.com.br\/index.php\/wp-json\/wp\/v2\/posts"}],"about":[{"href":"https:\/\/www.paranapraia.com.br\/index.php\/wp-json\/wp\/v2\/types\/post"}],"author":[{"embeddable":true,"href":"https:\/\/www.paranapraia.com.br\/index.php\/wp-json\/wp\/v2\/users\/2"}],"replies":[{"embeddable":true,"href":"https:\/\/www.paranapraia.com.br\/index.php\/wp-json\/wp\/v2\/comments?post=5734"}],"version-history":[{"count":1,"href":"https:\/\/www.paranapraia.com.br\/index.php\/wp-json\/wp\/v2\/posts\/5734\/revisions"}],"predecessor-version":[{"id":5736,"href":"https:\/\/www.paranapraia.com.br\/index.php\/wp-json\/wp\/v2\/posts\/5734\/revisions\/5736"}],"wp:featuredmedia":[{"embeddable":true,"href":"https:\/\/www.paranapraia.com.br\/index.php\/wp-json\/wp\/v2\/media\/5735"}],"wp:attachment":[{"href":"https:\/\/www.paranapraia.com.br\/index.php\/wp-json\/wp\/v2\/media?parent=5734"}],"wp:term":[{"taxonomy":"category","embeddable":true,"href":"https:\/\/www.paranapraia.com.br\/index.php\/wp-json\/wp\/v2\/categories?post=5734"},{"taxonomy":"post_tag","embeddable":true,"href":"https:\/\/www.paranapraia.com.br\/index.php\/wp-json\/wp\/v2\/tags?post=5734"}],"curies":[{"name":"wp","href":"https:\/\/api.w.org\/{rel}","templated":true}]}}