{"id":5731,"date":"2019-04-10T14:57:07","date_gmt":"2019-04-10T17:57:07","guid":{"rendered":"https:\/\/www.paranapraia.com.br\/?p=5731"},"modified":"2019-04-10T14:57:09","modified_gmt":"2019-04-10T17:57:09","slug":"policia-do-pr-divulga-retratos-de-suspeitos-de-crimes-sexuais-contra-criancas-e-adolescente","status":"publish","type":"post","link":"https:\/\/www.paranapraia.com.br\/index.php\/2019\/04\/10\/policia-do-pr-divulga-retratos-de-suspeitos-de-crimes-sexuais-contra-criancas-e-adolescente\/","title":{"rendered":"Pol\u00edcia do PR divulga retratos de suspeitos de crimes sexuais contra crian\u00e7as e adolescente"},"content":{"rendered":"\n<p>A Pol\u00edcia Civil do Paran\u00e1 (PCPR) divulga dois retratos falados com o objetivo de chegar at\u00e9 a identidade de dois homens envolvidos em crimes de viol\u00eancia sexual contra uma crian\u00e7a e uma adolescente, ocorridos nas proximidades de uma escola localizada no bairro Santa Rita I, em Londrina.<\/p>\n\n\n\n<p><strong>Caso 1<\/strong><\/p>\n\n\n\n<figure class=\"wp-block-image\"><img decoding=\"async\" src=\"https:\/\/www.bandab.com.br\/wp-content\/uploads\/2019\/04\/WhatsApp-Image-2019-04-10-at-13.56.52.jpeg\" alt=\"\" class=\"wp-image-427634\"\/><\/figure>\n\n\n\n<p>Aconteceu no dia 28 de mar\u00e7o deste ano. O autor do crime teria abordado uma crian\u00e7a de 11 anos, no momento em que ela estava indo para a escola e a obrigou a entrar em seu ve\u00edculo, um Fiat Uno branco. Ocasi\u00e3o em que abusou dela por aproximadamente meia hora, al\u00e9m de proferir diversas amea\u00e7as.<\/p>\n\n\n\n<p><strong>Caso 2<\/strong><\/p>\n\n\n\n<div class=\"wp-block-image\"><figure class=\"aligncenter\"><img decoding=\"async\" src=\"https:\/\/www.bandab.com.br\/wp-content\/uploads\/2019\/04\/WhatsApp-Image-2019-04-10-at-13.57.33.jpeg\" alt=\"\" class=\"wp-image-427635\"\/><\/figure><\/div>\n\n\n\n<p>Aconteceu no final do ano de 2018. Na ocasi\u00e3o, um senhor que conduzia um Pegeout 207 prata, ofereceu uma carona para uma adolescente que estaria retornando da escola. No caminho o homem tocou em partes \u00edntimas do corpo da v\u00edtima e a obrigou a anotar seu telefone, al\u00e9m de ter for\u00e7ado um beijo. O homem falou para a adolescente que era do Estado de S\u00e3o Paulo e estaria morando h\u00e1 cerca de um ano em Londrina, se identificou como \u201cJos\u00e9 Carlos\u201d, por\u00e9m ainda n\u00e3o h\u00e1 confirma\u00e7\u00e3o das afirmativas. A v\u00edtima acredita ter visto o suspeito pr\u00f3ximo a sua resid\u00eancia a poucos dias.<\/p>\n\n\n\n<p>Com a divulga\u00e7\u00e3o dos retratos falados, a PCPR espera identificar e localizar os autores dos crimes. Qualquer informa\u00e7\u00e3o ou den\u00fancias podem ser realizadas diretamente no N\u00facleo de Prote\u00e7\u00e3o \u00e0 Crian\u00e7a e ao Adolescente V\u00edtima de Crimes (Nucria) de Londrina ou atrav\u00e9s do telefone (43) 3325-6593.<\/p>\n\n\n\n<p>BandaB<\/p>\n","protected":false},"excerpt":{"rendered":"<p>A Pol\u00edcia Civil do Paran\u00e1 (PCPR) divulga dois retratos falados com o objetivo de chegar at\u00e9 a identidade de dois homens envolvidos em crimes de viol\u00eancia sexual contra uma crian\u00e7a e uma adolescente, ocorridos nas proximidades de uma escola localizada no bairro Santa Rita I, em Londrina. Caso 1 Aconteceu no dia 28 de mar\u00e7o [&hellip;]<\/p>\n","protected":false},"author":2,"featured_media":5732,"comment_status":"open","ping_status":"open","sticky":false,"template":"","format":"standard","meta":{"advanced_seo_description":"","jetpack_seo_html_title":"","jetpack_seo_noindex":false,"_jetpack_memberships_contains_paid_content":false,"footnotes":""},"categories":[40],"tags":[],"class_list":{"0":"post-5731","1":"post","2":"type-post","3":"status-publish","4":"format-standard","5":"has-post-thumbnail","7":"category-destaques"},"jetpack_featured_media_url":"https:\/\/www.paranapraia.com.br\/wp-content\/uploads\/2019\/04\/z.jpeg","jetpack_sharing_enabled":true,"_links":{"self":[{"href":"https:\/\/www.paranapraia.com.br\/index.php\/wp-json\/wp\/v2\/posts\/5731"}],"collection":[{"href":"https:\/\/www.paranapraia.com.br\/index.php\/wp-json\/wp\/v2\/posts"}],"about":[{"href":"https:\/\/www.paranapraia.com.br\/index.php\/wp-json\/wp\/v2\/types\/post"}],"author":[{"embeddable":true,"href":"https:\/\/www.paranapraia.com.br\/index.php\/wp-json\/wp\/v2\/users\/2"}],"replies":[{"embeddable":true,"href":"https:\/\/www.paranapraia.com.br\/index.php\/wp-json\/wp\/v2\/comments?post=5731"}],"version-history":[{"count":1,"href":"https:\/\/www.paranapraia.com.br\/index.php\/wp-json\/wp\/v2\/posts\/5731\/revisions"}],"predecessor-version":[{"id":5733,"href":"https:\/\/www.paranapraia.com.br\/index.php\/wp-json\/wp\/v2\/posts\/5731\/revisions\/5733"}],"wp:featuredmedia":[{"embeddable":true,"href":"https:\/\/www.paranapraia.com.br\/index.php\/wp-json\/wp\/v2\/media\/5732"}],"wp:attachment":[{"href":"https:\/\/www.paranapraia.com.br\/index.php\/wp-json\/wp\/v2\/media?parent=5731"}],"wp:term":[{"taxonomy":"category","embeddable":true,"href":"https:\/\/www.paranapraia.com.br\/index.php\/wp-json\/wp\/v2\/categories?post=5731"},{"taxonomy":"post_tag","embeddable":true,"href":"https:\/\/www.paranapraia.com.br\/index.php\/wp-json\/wp\/v2\/tags?post=5731"}],"curies":[{"name":"wp","href":"https:\/\/api.w.org\/{rel}","templated":true}]}}