{"id":5728,"date":"2019-04-10T14:55:57","date_gmt":"2019-04-10T17:55:57","guid":{"rendered":"https:\/\/www.paranapraia.com.br\/?p=5728"},"modified":"2019-04-10T14:55:59","modified_gmt":"2019-04-10T17:55:59","slug":"fiscalizacao-na-faixa-exclusiva-da-alfredo-brufen-comeca-nesta-quinta-feira","status":"publish","type":"post","link":"https:\/\/www.paranapraia.com.br\/index.php\/2019\/04\/10\/fiscalizacao-na-faixa-exclusiva-da-alfredo-brufen-comeca-nesta-quinta-feira\/","title":{"rendered":"Fiscaliza\u00e7\u00e3o na faixa exclusiva da Alfredo Brufen come\u00e7a nesta quinta-feira"},"content":{"rendered":"\n<p> <\/p>\n\n\n\n<p>O motorista que for flagrado dirigindo na faixa exclusiva para \u00f4nibus das ruas Alfredo Brufen e Amintas de Barros, a partir desta quinta-feira (11), ser\u00e1 multado. A faixa exclusiva foi implantada h\u00e1 duas semanas, em um trecho de 750 metros da via, sinalizada e indicada por placas de tr\u00e2nsito e pintura no pavimento.<\/p>\n\n\n\n<p>A faixa tem in\u00edcio no cruzamento com a Rua Presidente Faria, ao lado do pr\u00e9dio hist\u00f3rico da Universidade Federal do Paran\u00e1 (UFPR), na Pra\u00e7a Santos Andrade, e segue at\u00e9 a esquina com a Rua General Carneiro, quando a via j\u00e1 se chama Amintas de Barros.<\/p>\n\n\n\n<p>Os ve\u00edculos de passeio que precisarem acessar a garagem de um im\u00f3vel podem entrar na faixa exclusiva neste trecho. Quem precisar fazer a convers\u00e3o \u00e0 direita para as ruas transversais \u00e0s vias pode acessar a faixa exclusiva na pr\u00f3pria quadra em que for virar, no trecho sinalizado com linha tracejada pintada no asfalto.<\/p>\n\n\n\n<p>J\u00e1 quem desobedecer a sinaliza\u00e7\u00e3o poder\u00e1 receber infra\u00e7\u00e3o de tr\u00e2nsito de natureza grav\u00edssima, prevista pelo C\u00f3digo de Tr\u00e2nsito Brasileiro (CTB). A multa tem o valor de R$ 293,47 mais sete pontos na carteira de habilita\u00e7\u00e3o e a possibilidade de remo\u00e7\u00e3o do ve\u00edculo.<\/p>\n\n\n\n<p>Massa News<\/p>\n","protected":false},"excerpt":{"rendered":"<p>O motorista que for flagrado dirigindo na faixa exclusiva para \u00f4nibus das ruas Alfredo Brufen e Amintas de Barros, a partir desta quinta-feira (11), ser\u00e1 multado. A faixa exclusiva foi implantada h\u00e1 duas semanas, em um trecho de 750 metros da via, sinalizada e indicada por placas de tr\u00e2nsito e pintura no pavimento. A faixa [&hellip;]<\/p>\n","protected":false},"author":2,"featured_media":5729,"comment_status":"open","ping_status":"open","sticky":false,"template":"","format":"standard","meta":{"advanced_seo_description":"","jetpack_seo_html_title":"","jetpack_seo_noindex":false,"_jetpack_memberships_contains_paid_content":false,"footnotes":""},"categories":[42],"tags":[],"class_list":{"0":"post-5728","1":"post","2":"type-post","3":"status-publish","4":"format-standard","5":"has-post-thumbnail","7":"category-cidades"},"jetpack_featured_media_url":"https:\/\/www.paranapraia.com.br\/wp-content\/uploads\/2019\/04\/lg-ae070336-cc0e-4ca5-9923-d450fde78f32.jpg","jetpack_sharing_enabled":true,"_links":{"self":[{"href":"https:\/\/www.paranapraia.com.br\/index.php\/wp-json\/wp\/v2\/posts\/5728"}],"collection":[{"href":"https:\/\/www.paranapraia.com.br\/index.php\/wp-json\/wp\/v2\/posts"}],"about":[{"href":"https:\/\/www.paranapraia.com.br\/index.php\/wp-json\/wp\/v2\/types\/post"}],"author":[{"embeddable":true,"href":"https:\/\/www.paranapraia.com.br\/index.php\/wp-json\/wp\/v2\/users\/2"}],"replies":[{"embeddable":true,"href":"https:\/\/www.paranapraia.com.br\/index.php\/wp-json\/wp\/v2\/comments?post=5728"}],"version-history":[{"count":1,"href":"https:\/\/www.paranapraia.com.br\/index.php\/wp-json\/wp\/v2\/posts\/5728\/revisions"}],"predecessor-version":[{"id":5730,"href":"https:\/\/www.paranapraia.com.br\/index.php\/wp-json\/wp\/v2\/posts\/5728\/revisions\/5730"}],"wp:featuredmedia":[{"embeddable":true,"href":"https:\/\/www.paranapraia.com.br\/index.php\/wp-json\/wp\/v2\/media\/5729"}],"wp:attachment":[{"href":"https:\/\/www.paranapraia.com.br\/index.php\/wp-json\/wp\/v2\/media?parent=5728"}],"wp:term":[{"taxonomy":"category","embeddable":true,"href":"https:\/\/www.paranapraia.com.br\/index.php\/wp-json\/wp\/v2\/categories?post=5728"},{"taxonomy":"post_tag","embeddable":true,"href":"https:\/\/www.paranapraia.com.br\/index.php\/wp-json\/wp\/v2\/tags?post=5728"}],"curies":[{"name":"wp","href":"https:\/\/api.w.org\/{rel}","templated":true}]}}