{"id":57200,"date":"2024-01-08T16:33:20","date_gmt":"2024-01-08T19:33:20","guid":{"rendered":"https:\/\/www.paranapraia.com.br\/?p=57200"},"modified":"2024-01-08T16:33:23","modified_gmt":"2024-01-08T19:33:23","slug":"matinhos-apresenta-a-9a-edicao-da-festa-do-caranguejo-neste-fim-de-semana","status":"publish","type":"post","link":"https:\/\/www.paranapraia.com.br\/index.php\/2024\/01\/08\/matinhos-apresenta-a-9a-edicao-da-festa-do-caranguejo-neste-fim-de-semana\/","title":{"rendered":"Matinhos apresenta a 9\u00aa edi\u00e7\u00e3o da Festa do Caranguejo neste fim de semana"},"content":{"rendered":"\n<p>A tradicional Festa do Caranguejo de Matinhos acontecer\u00e1 este ano a partir da pr\u00f3xima sexta-feira (12) at\u00e9 o dia 28 de janeiro. O evento, que se destaca no cen\u00e1rio gastron\u00f4mico do litoral paranaense, ter\u00e1 como local a quadra de esportes em frente ao mercado Quinteto, no balne\u00e1rio Gaivotas.<\/p>\n\n\n\n<p>Al\u00e9m da apreciada iguaria vendida em por\u00e7\u00f5es, o card\u00e1pio incluir\u00e1 outras op\u00e7\u00f5es de frutos do mar, como camar\u00e3o e iscas de peixe, al\u00e9m de pratos t\u00edpicos e bebidas.<\/p>\n\n\n\n<p>A Festa do Caranguejo de Matinhos j\u00e1 se tornou um marco no calend\u00e1rio gastron\u00f4mico local e, este ano, ter\u00e1 uma dura\u00e7\u00e3o estendida de 17 dias, atendendo ao p\u00fablico das 11h \u00e0 meia-noite. Essa amplia\u00e7\u00e3o visa atender ao grande n\u00famero de apreciadores e degustadores do caranguejo do nosso litoral, sempre \u00e1vidos por participar desse evento.<\/p>\n\n\n\n<p>A 9\u00aa edi\u00e7\u00e3o do Festival do Caranguejo \u00e9 uma realiza\u00e7\u00e3o da Prefeitura de Matinhos, com o apoio do Instituto Fraternidade, CMEI Junara e APMF Sarah Mesquita.<\/p>\n\n\n\n<p>Departamento de Comunica\u00e7\u00e3o<br>Prefeitura de Matinhos<\/p>\n\n\n\n<p>Acesse o nosso portal: https:\/\/matinhos.atende.net\/cidadao\/noticia\/matinhos-apresenta-a-9-edicao-da-festa-do-caranguejo-neste-fim-de-semana<\/p>\n\n\n\n<h1 class=\"wp-block-heading\">9FestaDoCaranguejo #FestaDoCaranguejoMatinhos #MatinhosT\u00e1Diferente #PrefeituraDeMatinhos #UmaCidadeParaTodos #Matinhos #LitoralPR<\/h1>\n","protected":false},"excerpt":{"rendered":"<p>A tradicional Festa do Caranguejo de Matinhos acontecer\u00e1 este ano a partir da pr\u00f3xima sexta-feira (12) at\u00e9 o dia 28 de janeiro. O evento, que se destaca no cen\u00e1rio gastron\u00f4mico do litoral paranaense, ter\u00e1 como local a quadra de esportes em frente ao mercado Quinteto, no balne\u00e1rio Gaivotas. Al\u00e9m da apreciada iguaria vendida em por\u00e7\u00f5es, [&hellip;]<\/p>\n","protected":false},"author":2,"featured_media":57201,"comment_status":"open","ping_status":"open","sticky":false,"template":"","format":"standard","meta":{"advanced_seo_description":"","jetpack_seo_html_title":"","jetpack_seo_noindex":false,"_jetpack_memberships_contains_paid_content":false,"footnotes":""},"categories":[88],"tags":[711,712,317],"class_list":{"0":"post-57200","1":"post","2":"type-post","3":"status-publish","4":"format-standard","5":"has-post-thumbnail","7":"category-matinhos","8":"tag-caranguejo","9":"tag-festa","10":"tag-matinhos"},"jetpack_featured_media_url":"https:\/\/www.paranapraia.com.br\/wp-content\/uploads\/2024\/01\/Design-sem-nome_20240108_163002_0000.png","jetpack_sharing_enabled":true,"_links":{"self":[{"href":"https:\/\/www.paranapraia.com.br\/index.php\/wp-json\/wp\/v2\/posts\/57200"}],"collection":[{"href":"https:\/\/www.paranapraia.com.br\/index.php\/wp-json\/wp\/v2\/posts"}],"about":[{"href":"https:\/\/www.paranapraia.com.br\/index.php\/wp-json\/wp\/v2\/types\/post"}],"author":[{"embeddable":true,"href":"https:\/\/www.paranapraia.com.br\/index.php\/wp-json\/wp\/v2\/users\/2"}],"replies":[{"embeddable":true,"href":"https:\/\/www.paranapraia.com.br\/index.php\/wp-json\/wp\/v2\/comments?post=57200"}],"version-history":[{"count":1,"href":"https:\/\/www.paranapraia.com.br\/index.php\/wp-json\/wp\/v2\/posts\/57200\/revisions"}],"predecessor-version":[{"id":57202,"href":"https:\/\/www.paranapraia.com.br\/index.php\/wp-json\/wp\/v2\/posts\/57200\/revisions\/57202"}],"wp:featuredmedia":[{"embeddable":true,"href":"https:\/\/www.paranapraia.com.br\/index.php\/wp-json\/wp\/v2\/media\/57201"}],"wp:attachment":[{"href":"https:\/\/www.paranapraia.com.br\/index.php\/wp-json\/wp\/v2\/media?parent=57200"}],"wp:term":[{"taxonomy":"category","embeddable":true,"href":"https:\/\/www.paranapraia.com.br\/index.php\/wp-json\/wp\/v2\/categories?post=57200"},{"taxonomy":"post_tag","embeddable":true,"href":"https:\/\/www.paranapraia.com.br\/index.php\/wp-json\/wp\/v2\/tags?post=57200"}],"curies":[{"name":"wp","href":"https:\/\/api.w.org\/{rel}","templated":true}]}}