{"id":57196,"date":"2024-01-08T14:23:59","date_gmt":"2024-01-08T17:23:59","guid":{"rendered":"https:\/\/www.paranapraia.com.br\/?p=57196"},"modified":"2024-01-08T14:24:03","modified_gmt":"2024-01-08T17:24:03","slug":"iat-promove-atividade-ambiental-gratuita-em-fabrica-de-restinga-do-litoral-do-parana","status":"publish","type":"post","link":"https:\/\/www.paranapraia.com.br\/index.php\/2024\/01\/08\/iat-promove-atividade-ambiental-gratuita-em-fabrica-de-restinga-do-litoral-do-parana\/","title":{"rendered":"IAT promove atividade ambiental gratuita em &#8220;f\u00e1brica de restinga&#8221; do Litoral do Paran\u00e1"},"content":{"rendered":"\n<p>O Instituto \u00c1gua e Terra (IAT) tem uma \u201cf\u00e1brica de restinga\u201d em Morretes, no Litoral. O viveiro florestal est\u00e1 instalado na Estrada Santa F\u00e9, logo no in\u00edcio da PR-408, e fornece mudas para recupera\u00e7\u00e3o vegetativa da regi\u00e3o. Desde 2021, o complexo cultivou 4.748 mudas de 22 esp\u00e9cies diferentes de restinga nativas. Parte delas foi plantada na praia de Shangri-l\u00e1, em Pontal do Paran\u00e1, durante um evento-teste no ano passado.<\/p>\n\n\n\n<p>Essa ind\u00fastria da natureza vai receber a popula\u00e7\u00e3o em duas a\u00e7\u00f5es de educa\u00e7\u00e3o ambiental durante a temporada do Ver\u00e3o Maior Paran\u00e1. A primeira aula ao ar livre, batizada de \u201cUm Dia no Viveiro\u201d, ocorre nesta quarta-feira (10), das 14 horas \u00e0s 17 horas. A segunda no dia 24 de janeiro, no mesmo hor\u00e1rio. Em ambos os casos \u00e9 necess\u00e1rio cadastramento pr\u00e9vio \u2013 o formul\u00e1rio est\u00e1 dispon\u00edvel&nbsp;<a href=\"https:\/\/docs.google.com\/forms\/d\/e\/1FAIpQLSfbvsCoCGatakC0VddCxU8DlfmbnQxH3cK-_oPVnlag2xBFuw\/viewform\" target=\"_blank\" rel=\"noreferrer noopener\">AQUI<\/a>.<\/p>\n\n\n\n<p>A atividade busca disseminar o conhecimento sobre as plantas nativas do Estado, sobretudo a restinga, vegeta\u00e7\u00e3o que exerce importante fun\u00e7\u00e3o protetiva no Litoral em casos de enchentes, processos erosivos da mar\u00e9 e dos ventos, al\u00e9m de servir de abrigo para a fauna local.<\/p>\n\n\n\n<p>O curr\u00edculo ambiental que ser\u00e1 complementado no dia 30 de janeiro com o plantio de 108 mudas de nove esp\u00e9cies diferentes de restinga para a restaura\u00e7\u00e3o da orla de Pontal do Paran\u00e1, tamb\u00e9m das 14 horas \u00e0s 17 horas e com cadastramento pr\u00e9vio, dispon\u00edvel&nbsp;<a href=\"https:\/\/docs.google.com\/forms\/d\/e\/1FAIpQLSfbvsCoCGatakC0VddCxU8DlfmbnQxH3cK-_oPVnlag2xBFuw\/viewform\" target=\"_blank\" rel=\"noreferrer noopener\">AQUI<\/a>.<\/p>\n\n\n\n<p>\u201cCom isso, pretendemos ter sucesso na reintrodu\u00e7\u00e3o de esp\u00e9cies que ocorrem naturalmente no local, promovendo o aumento da biodiversidade e dos servi\u00e7os ecossist\u00eamicos fornecidos pela vegeta\u00e7\u00e3o da restinga\u201d, afirma a bi\u00f3loga da Ger\u00eancia de Restaura\u00e7\u00e3o Ambiental do IAT, Ana Paula Delitsch. \u201cE tudo isso estar\u00e1 \u00e0 disposi\u00e7\u00e3o da popula\u00e7\u00e3o durante o dia no viveiro\u201d.<\/p>\n\n\n\n<p>Com 37 anos de experi\u00eancia na \u00e1rea, Tim\u00f3teo Nogueira explica que o cultivo das mudas come\u00e7a com a coleta de sementes no Parque Municipal da Restinga, em Pontal do Paran\u00e1. A partir da\u00ed, \u00e9 feita a sele\u00e7\u00e3o e beneficiamento das sementes. As mais saud\u00e1veis v\u00e3o para as estufas e de l\u00e1, ap\u00f3s per\u00edodo de matura\u00e7\u00e3o, para a faixa de areia. \u201cUsamos um substrato pr\u00f3prio para essas esp\u00e9cies com casca de pinus, um mineral natural que auxilia na melhora da propriedade do solo e ajudam as mudas a vingar\u201d, diz o t\u00e9cnico de manejo e meio ambiente do IAT.<\/p>\n\n\n\n<p>Como a produ\u00e7\u00e3o \u00e9 consideravelmente nova e ainda est\u00e1 em fase de testes, n\u00e3o h\u00e1 doa\u00e7\u00e3o para a popula\u00e7\u00e3o em geral. As mudas s\u00e3o usadas basicamente em a\u00e7\u00f5es de restaura\u00e7\u00e3o apenas por t\u00e9cnicos do instituto.<\/p>\n\n\n\n<p><strong>ESP\u00c9CIES&nbsp;<\/strong>\u2013 As 22 esp\u00e9cies que comp\u00f5em a produ\u00e7\u00e3o do viveiro s\u00e3o: Capororoca (<em>Myrsine parviflora<\/em>); Soja-da-praia (<em>Sophora tomentosa<\/em>); Erva-baleeira (<em>Varronia curassavica<\/em>); Feij\u00e3o-da-praia (<em>Canavalia rosea<\/em>); Canelinha (<em>Ocotea pulchella<\/em>); Centrosema (<em>Centrosema virginianum<\/em>); Pau-gamb\u00e1 (<em>Abarema langsdorfii<\/em>); Salsaparrilha (<em>Smilax campestris<\/em>); Embira-pimenta (<em>Daphnopsis schwackeana<\/em>); Insulina-vegetal (<em>Cissus verticillata<\/em>); Cip\u00f3-cruzeiro (<em>Chiococca alba<\/em>); Orelha-de-on\u00e7a (<em>Pleroma urvilleanum<\/em>); Marmeleiro-da-praia (<em>Dalbergia ecastaphyllum<\/em>); Carrapicho-da-praia (<em>Acicarpha bonariensis<\/em>); Avenca-do-cerrado&nbsp;<em>(Diodia radula<\/em>); Guaxuma (<em>Microstachys corniculata<\/em>); Dalbergia (<em>Dalbergia ecastaphyllum<\/em>); Vassoura-vermelha (<em>Dodonaea viscosa<\/em>); Capotiragu\u00e1 (<em>Blutaparon portulacoides<\/em>); Corticeira-do-litoral (<em>Erythrina speciosa<\/em>); Salsa-brava (<em>Ipomoea pes-caprae<\/em>); e Mangue-da-praia (<em>Scaevola plumieri)<\/em>.<\/p>\n\n\n\n<p><strong>PILOTO&nbsp;<\/strong>\u2013 Em mar\u00e7o de 2023, o IAT, em parceria com a prefeitura de Pontal do Paran\u00e1, realizou o primeiro teste das mudas preparadas no viveiro de Morretes no balne\u00e1rio de Shangri-l\u00e1. Foram plantadas 85 mudas de sete esp\u00e9cies diferentes: Bagua\u00e7u (<em>Magnolia ovata<\/em>), Canelinha (<em>Ocotea pulchella<\/em>), Capororoca (<em>Myrsine coriacea<\/em>), Orelha-de-on\u00e7a (<em>Pleroma urvilleanum<\/em>), Prunus (<em>Eugenia adstringens<\/em>), Soja-da-praia (<em>Sophora tomentosa<\/em>) e Vassoura-vermelha&nbsp;<em>(Dodonaea viscosa<\/em>).<\/p>\n\n\n\n<p>\u201c\u00c9 um projeto-piloto que come\u00e7amos por Pontal, mas vamos levar para outros lugares, cuidando da vegeta\u00e7\u00e3o de restinga de todo o Litoral\u201d, destaca o gerente de Restaura\u00e7\u00e3o Ambiental do IAT, Mauro Scharnik.<\/p>\n\n\n\n<p><strong>VIVEIROS&nbsp;<\/strong>\u2013 O Instituto \u00c1gua e Terra possui dois laborat\u00f3rios de sementes e 19 viveiros florestais para a produ\u00e7\u00e3o de mais de 100 esp\u00e9cies florestais nativas, como Arauc\u00e1ria, Ara\u00e7\u00e1 e Cedro-rosa, distribu\u00eddos gratuitamente por todo o Estado.<\/p>\n\n\n\n<p>Esses viveiros est\u00e3o \u00e0 disposi\u00e7\u00e3o da popula\u00e7\u00e3o paranaense para recupera\u00e7\u00e3o dos processos ecol\u00f3gicos de \u00e1reas degradadas e alteradas. Al\u00e9m disso, com a oferta das mudas nativas os produtores rurais recebem o apoio que necessitam para recuperar suas \u00c1reas de Preserva\u00e7\u00e3o Permanente (APP) e Reserva Legal (RL), a fim de se adequarem \u00e0 legisla\u00e7\u00e3o ambiental.<\/p>\n\n\n\n<p>Para adquirir as plantas nativas do Paran\u00e1, os interessados podem fazer a solicita\u00e7\u00e3o de mudas por meios digitais, como aplicativo Paran\u00e1 Mais Verde, dispon\u00edvel na Play Store e&nbsp;<a href=\"https:\/\/www.aen.pr.gov.br\/Noticia\/Aplicativo-para-solicitar-mudas-de-plantas-produzidas-pelo-IAT-chega-App-Store\" target=\"_blank\" rel=\"noreferrer noopener\">Apple Store<\/a>. Ao fazer a solicita\u00e7\u00e3o para at\u00e9 100 mudas\/ano, o requerimento \u00e9 aprovado automaticamente e elas j\u00e1 poder\u00e3o ser retiradas no viveiro selecionado. Basta ligar para o viveiro e agendar.<\/p>\n\n\n\n<p>Para mais de 100 mudas, o requerimento seguir\u00e1 para an\u00e1lise e aprova\u00e7\u00e3o de um t\u00e9cnico do IAT. O interessado poder\u00e1 acompanhar a solicita\u00e7\u00e3o e ser\u00e1 informado quando for aprovada ou reprovada. Ap\u00f3s a libera\u00e7\u00e3o, poder\u00e1 retirar as mudas no viveiro selecionado.<\/p>\n\n\n\n<p>Outro caminho \u00e9 via Sistema de Gest\u00e3o Ambiental (SGA) pelo endere\u00e7o\u00a0<a href=\"https:\/\/auth-cs.identidadedigital.pr.gov.br\/centralautenticacao\/login.html?response_type=code&amp;client_id=19f3cd308f1455b3fa09a282e0d496f4&amp;redirect_uri=http%3A%2F%2Fwww.sga.pr.gov.br%2Fsga-iap&amp;scope=&amp;state=1704727184062&amp;urlCert=https:\/\/certauth-cs.identidadedigital.pr.gov.br&amp;dnsCidadao=https:\/\/cidadao-cs.identidadedigital.pr.gov.br\/centralcidadao&amp;loginPadrao=btnCentral&amp;labelCentral=CPF,E-Mail,Login%20Sentinela&amp;modulosDeAutenticacao=btnSentinela,btnExpresso,btnCertificado,btnSms,btnCpf,btnToken,btnEmail,btnCentral&amp;urlLogo=http%3A%2F%2Fwww.sga.pr.gov.br%2Fsga-iap%2Fimages%2Flogo_sga.png&amp;acesso=2063&amp;tokenFormat=jwt&amp;exibirLinkAutoCadastro=true&amp;exibirLinkRecuperarSenha=true&amp;exibirLinkAutoCadastroCertificado=false&amp;captcha=false\" target=\"_blank\" rel=\"noreferrer noopener\">www.sga.pr.gov.br<\/a>. Ap\u00f3s a solicita\u00e7\u00e3o, o pedido passar\u00e1 por uma an\u00e1lise do IAT. Caso seja aprovado, ser\u00e1 encaminhado um e-mail ao requerente, com as informa\u00e7\u00f5es do local de retirada das mudas e a documenta\u00e7\u00e3o necess\u00e1ria.<\/p>\n\n\n\n<p><strong>VER\u00c3O MAIOR PARAN\u00c1<\/strong>&nbsp;\u2013 O Ver\u00e3o Maior Paran\u00e1 re\u00fane uma s\u00e9rie de a\u00e7\u00f5es voltadas aos veranistas e moradores dos munic\u00edpios do Litoral, al\u00e9m de Porto Rico e S\u00e3o Pedro do Paran\u00e1, no Noroeste. S\u00e3o atividades esportivas e de lazer que englobam aulas de gin\u00e1stica, dan\u00e7a, caminhadas, recrea\u00e7\u00e3o infantil, shows, torneios e competi\u00e7\u00f5es nacionais e internacionais, programa\u00e7\u00e3o inclusiva e educa\u00e7\u00e3o ambiental. A agenda completa pode ser consultada no site&nbsp;<a href=\"https:\/\/www.verao.pr.gov.br\/\" target=\"_blank\" rel=\"noreferrer noopener\">www.verao.pr.gov.br<\/a>.<\/p>\n\n\n\n<p><strong>Servi\u00e7o<\/strong><\/p>\n\n\n\n<p><strong>Um Dia no Viveiro \u2013 Morretes<\/strong><\/p>\n\n\n\n<p>10\/01\/2024 &#8211; 14h \u00e0s 17h. Vagas limitadas<\/p>\n\n\n\n<p>24\/01\/2024 &#8211; 14h \u00e0s 17h. Vagas limitadas<\/p>\n\n\n\n<p>Endere\u00e7o: Estrada Santa F\u00e9, s\/n\u00ba &#8211; Santa F\u00e9 &#8211; (Entrada pela PR 408, km 8 + 200m, 600m da PR at\u00e9 o viveiro)<\/p>\n\n\n\n<p><strong>Restaura\u00e7\u00e3o da restinga &#8211; Pontal do Paran\u00e1<\/strong><\/p>\n\n\n\n<p>30\/01\/2024 &#8211; 14h \u00e0s 17h. Vagas limitadas<\/p>\n\n\n\n<p>Endere\u00e7o: orla do balne\u00e1rio Shangri-l\u00e1<\/p>\n\n\n\n<p>AEN<\/p>\n","protected":false},"excerpt":{"rendered":"<p>O Instituto \u00c1gua e Terra (IAT) tem uma \u201cf\u00e1brica de restinga\u201d em Morretes, no Litoral. O viveiro florestal est\u00e1 instalado na Estrada Santa F\u00e9, logo no in\u00edcio da PR-408, e fornece mudas para recupera\u00e7\u00e3o vegetativa da regi\u00e3o. Desde 2021, o complexo cultivou 4.748 mudas de 22 esp\u00e9cies diferentes de restinga nativas. Parte delas foi plantada [&hellip;]<\/p>\n","protected":false},"author":2,"featured_media":57197,"comment_status":"open","ping_status":"open","sticky":false,"template":"","format":"standard","meta":{"advanced_seo_description":"","jetpack_seo_html_title":"","jetpack_seo_noindex":false,"_jetpack_memberships_contains_paid_content":false,"footnotes":""},"categories":[40],"tags":[317,319,318,710],"class_list":{"0":"post-57196","1":"post","2":"type-post","3":"status-publish","4":"format-standard","5":"has-post-thumbnail","7":"category-destaques","8":"tag-matinhos","9":"tag-parana","10":"tag-pontal-do-parana","11":"tag-restinga"},"jetpack_featured_media_url":"https:\/\/www.paranapraia.com.br\/wp-content\/uploads\/2024\/01\/yuri_a._f._marciniki_at_2-scaled.jpg","jetpack_sharing_enabled":true,"_links":{"self":[{"href":"https:\/\/www.paranapraia.com.br\/index.php\/wp-json\/wp\/v2\/posts\/57196"}],"collection":[{"href":"https:\/\/www.paranapraia.com.br\/index.php\/wp-json\/wp\/v2\/posts"}],"about":[{"href":"https:\/\/www.paranapraia.com.br\/index.php\/wp-json\/wp\/v2\/types\/post"}],"author":[{"embeddable":true,"href":"https:\/\/www.paranapraia.com.br\/index.php\/wp-json\/wp\/v2\/users\/2"}],"replies":[{"embeddable":true,"href":"https:\/\/www.paranapraia.com.br\/index.php\/wp-json\/wp\/v2\/comments?post=57196"}],"version-history":[{"count":1,"href":"https:\/\/www.paranapraia.com.br\/index.php\/wp-json\/wp\/v2\/posts\/57196\/revisions"}],"predecessor-version":[{"id":57198,"href":"https:\/\/www.paranapraia.com.br\/index.php\/wp-json\/wp\/v2\/posts\/57196\/revisions\/57198"}],"wp:featuredmedia":[{"embeddable":true,"href":"https:\/\/www.paranapraia.com.br\/index.php\/wp-json\/wp\/v2\/media\/57197"}],"wp:attachment":[{"href":"https:\/\/www.paranapraia.com.br\/index.php\/wp-json\/wp\/v2\/media?parent=57196"}],"wp:term":[{"taxonomy":"category","embeddable":true,"href":"https:\/\/www.paranapraia.com.br\/index.php\/wp-json\/wp\/v2\/categories?post=57196"},{"taxonomy":"post_tag","embeddable":true,"href":"https:\/\/www.paranapraia.com.br\/index.php\/wp-json\/wp\/v2\/tags?post=57196"}],"curies":[{"name":"wp","href":"https:\/\/api.w.org\/{rel}","templated":true}]}}