{"id":57047,"date":"2023-12-28T19:29:47","date_gmt":"2023-12-28T22:29:47","guid":{"rendered":"https:\/\/www.paranapraia.com.br\/?p=57047"},"modified":"2023-12-28T19:29:49","modified_gmt":"2023-12-28T22:29:49","slug":"acao-em-balnearios-orienta-sobre-atrativos-turisticos-do-estado-alem-das-praias","status":"publish","type":"post","link":"https:\/\/www.paranapraia.com.br\/index.php\/2023\/12\/28\/acao-em-balnearios-orienta-sobre-atrativos-turisticos-do-estado-alem-das-praias\/","title":{"rendered":"A\u00e7\u00e3o em balne\u00e1rios orienta sobre atrativos tur\u00edsticos do Estado al\u00e9m das praias"},"content":{"rendered":"\n<p>Equipes da Secretaria do Turismo e do Viaje Paran\u00e1 abordam veranistas nas praias do litoral e balne\u00e1rios do Noroeste para mostrar atrativos tur\u00edsticos do Paran\u00e1. As informa\u00e7\u00f5es e orienta\u00e7\u00f5es tamb\u00e9m s\u00e3o dadas em condom\u00ednios montados pelo Governo do Estado A a\u00e7\u00e3o teve in\u00edcio nesta quinta-feira (28) e segue at\u00e9 4 de fevereiro.<\/p>\n\n\n\n<p>A abordagem faz parte do Ver\u00e3o Maior, promovido pelo Governo do Estado. Os turistas tamb\u00e9m disp\u00f5em de van com informa\u00e7\u00f5es tur\u00edsticas, que ficar\u00e1 estacionada no trapiche de embarque para a Ilha do Mel, em Pontal do Sul, at\u00e9 o fim da temporada.S\u00e3o mais de 30 pessoas atuando diretamente com paranaenses e turistas de outros estados e at\u00e9 mesmo de fora do pa\u00eds. <\/p>\n\n\n\n<p>O objetivo \u00e9 ofertar a melhor qualidade de informa\u00e7\u00f5es aos turistas, para que se sintam confort\u00e1veis em suas viagens.<\/p>\n\n\n\n<p>\u201cUm turista bem-informado e contente vai recomendar nosso Estado como destino tur\u00edstico a outras pessoas. E assim conseguimos alavancar a gera\u00e7\u00e3o de emprego e renda atrav\u00e9s do turismo, que \u00e9 uma fonte de economia sustent\u00e1vel e cada vez mais crescente\u201d, aponta o secret\u00e1rio do Turismo, M\u00e1rcio Nunes.<\/p>\n\n\n\n<p>Os turistas recebem mapas para se orientarem e descobrirem atrativos tur\u00edsticos. De f\u00e9rias em Matinhos, Nico Rossi e a esposa, moradores do Paraguai, decidiram conhecer a Ilha do Mel e foram recepcionados pelos profissionais de turismo do Estado. <\/p>\n\n\n\n<p>\u201cQueremos conhecer a Ilha do Mel, porque vimos bastante publicidade nas redes sociais\u201d, disse o turista.De acordo com informa\u00e7\u00f5es repassadas pela Abaline, empresa que atua na venda de bilhetes para a Ilha do Mel, nesta quinta-feira foi a primeira vez, em anos, que foi necess\u00e1rio adiantar a sa\u00edda de barcos em at\u00e9 horas para atender a demanda.<\/p>\n\n\n\n<p>As informa\u00e7\u00f5es aos turistas incluem dados sobre passeios e os hor\u00e1rios dos \u00faltimos barcos, por exemplo. Aundry Marin e o marido, ambos venezuelanos que moram em Curitiba, tamb\u00e9m aproveitaram as f\u00e9rias para curtir a ilha. \u201cAmamos! Tudo \u00e9 muito lindo. Tamb\u00e9m aproveitamos para fazer o passeio na ba\u00eda dos golfinhos, o que foi um sonho\u201d, contam.<\/p>\n\n\n\n<p>O atendimento das equipes do Turismo do Estado \u00e9 de ter\u00e7a-feira a domingo, das 8h \u00e0s 12h e das 15h \u00e0s 19h,  em Guaratuba, Caiob\u00e1, Matinhos, Praia de Leste, Ipanema, Shangrila (litoral), Porto Rico e Porto S\u00e3o Jos\u00e9 (Noroeste do Estado).<\/p>\n\n\n\n<p>Al\u00e9m disso, equipes tamb\u00e9m auxiliam os veranistas das 18h \u00e0s 21h30 nos Palcos Sunset em Caiob\u00e1, Guaratuba e Shangrila nos dias 2 a 4; 9 a 11; 16 a 18 e 23 a 25 de janeiro, al\u00e9m dos dias 30 de janeiro a 1\u00b0 de fevereiro. no hor\u00e1rio das 18h \u00e0s 21h30.<\/p>\n\n\n\n<p>PESQUISA \u2013 Durante a temporada de ver\u00e3o, as equipes do turismo do Estado tamb\u00e9m realizam uma pesquisa de demanda para conhecer o perfil do turista que visita o Paran\u00e1. \u201cEssa pesquisa \u00e9 importante para planejar a\u00e7\u00f5es espec\u00edficas voltadas aos diversos p\u00fablicos\u201d, afirma Patr\u00edcia Gusso, coordenadora de eventos do Viaje Paran\u00e1.<\/p>\n\n\n\n<p>VER\u00c3O MAIOR PARAN\u00c1 \u2013 O Ver\u00e3o Maior Paran\u00e1 re\u00fane uma s\u00e9rie de a\u00e7\u00f5es voltadas aos veranistas e moradores dos munic\u00edpios do Litoral, al\u00e9m de Porto Rico e S\u00e3o Pedro do Paran\u00e1, no Noroeste. <\/p>\n\n\n\n<p>S\u00e3o atividades esportivas e de lazer que englobam aulas de gin\u00e1stica, dan\u00e7a, caminhadas, recrea\u00e7\u00e3o infantil, shows, torneios e competi\u00e7\u00f5es nacionais e internacionais, programa\u00e7\u00e3o inclusiva e educa\u00e7\u00e3o ambiental. A agenda completa pode ser consultada no site www.verao.pr.gov.br.<\/p>\n\n\n\n<p>AEN<\/p>\n","protected":false},"excerpt":{"rendered":"<p>Equipes da Secretaria do Turismo e do Viaje Paran\u00e1 abordam veranistas nas praias do litoral e balne\u00e1rios do Noroeste para mostrar atrativos tur\u00edsticos do Paran\u00e1. As informa\u00e7\u00f5es e orienta\u00e7\u00f5es tamb\u00e9m s\u00e3o dadas em condom\u00ednios montados pelo Governo do Estado A a\u00e7\u00e3o teve in\u00edcio nesta quinta-feira (28) e segue at\u00e9 4 de fevereiro. A abordagem faz [&hellip;]<\/p>\n","protected":false},"author":2,"featured_media":57048,"comment_status":"open","ping_status":"open","sticky":false,"template":"","format":"standard","meta":{"advanced_seo_description":"","jetpack_seo_html_title":"","jetpack_seo_noindex":false,"_jetpack_memberships_contains_paid_content":false,"footnotes":""},"categories":[40],"tags":[406,316],"class_list":{"0":"post-57047","1":"post","2":"type-post","3":"status-publish","4":"format-standard","5":"has-post-thumbnail","7":"category-destaques","8":"tag-curitiba","9":"tag-litoral"},"jetpack_featured_media_url":"https:\/\/www.paranapraia.com.br\/wp-content\/uploads\/2023\/12\/img-20231228-wa0129-scaled.jpg","jetpack_sharing_enabled":true,"_links":{"self":[{"href":"https:\/\/www.paranapraia.com.br\/index.php\/wp-json\/wp\/v2\/posts\/57047"}],"collection":[{"href":"https:\/\/www.paranapraia.com.br\/index.php\/wp-json\/wp\/v2\/posts"}],"about":[{"href":"https:\/\/www.paranapraia.com.br\/index.php\/wp-json\/wp\/v2\/types\/post"}],"author":[{"embeddable":true,"href":"https:\/\/www.paranapraia.com.br\/index.php\/wp-json\/wp\/v2\/users\/2"}],"replies":[{"embeddable":true,"href":"https:\/\/www.paranapraia.com.br\/index.php\/wp-json\/wp\/v2\/comments?post=57047"}],"version-history":[{"count":1,"href":"https:\/\/www.paranapraia.com.br\/index.php\/wp-json\/wp\/v2\/posts\/57047\/revisions"}],"predecessor-version":[{"id":57049,"href":"https:\/\/www.paranapraia.com.br\/index.php\/wp-json\/wp\/v2\/posts\/57047\/revisions\/57049"}],"wp:featuredmedia":[{"embeddable":true,"href":"https:\/\/www.paranapraia.com.br\/index.php\/wp-json\/wp\/v2\/media\/57048"}],"wp:attachment":[{"href":"https:\/\/www.paranapraia.com.br\/index.php\/wp-json\/wp\/v2\/media?parent=57047"}],"wp:term":[{"taxonomy":"category","embeddable":true,"href":"https:\/\/www.paranapraia.com.br\/index.php\/wp-json\/wp\/v2\/categories?post=57047"},{"taxonomy":"post_tag","embeddable":true,"href":"https:\/\/www.paranapraia.com.br\/index.php\/wp-json\/wp\/v2\/tags?post=57047"}],"curies":[{"name":"wp","href":"https:\/\/api.w.org\/{rel}","templated":true}]}}