{"id":57038,"date":"2023-12-28T18:04:07","date_gmt":"2023-12-28T21:04:07","guid":{"rendered":"https:\/\/www.paranapraia.com.br\/?p=57038"},"modified":"2023-12-28T18:04:09","modified_gmt":"2023-12-28T21:04:09","slug":"veranistas-aprovam-o-uso-da-tarifa-zero-em-matinhos","status":"publish","type":"post","link":"https:\/\/www.paranapraia.com.br\/index.php\/2023\/12\/28\/veranistas-aprovam-o-uso-da-tarifa-zero-em-matinhos\/","title":{"rendered":"Veranistas aprovam o uso da tarifa zero em Matinhos"},"content":{"rendered":"\n<p>Implantado em junho de 2022, o transporte coletivo com tarifa zero j\u00e1 teve sua import\u00e2ncia reconhecida pelos moradores que o utilizam durante todo o ano. E quando chega o ver\u00e3o, o servi\u00e7o tamb\u00e9m \u00e9 muito bem aproveitado pelos turistas que v\u00eam ao nosso munic\u00edpio.<\/p>\n\n\n\n<p>Quando o transporte com tarifa zero passou a operar em Matinhos, o prefeito Z\u00e9 da Ecler dizia que seu principal benef\u00edcio era fazer com que os moradores pudessem circular pela cidade &#8211; economizando o dinheiro da passagem para poder us\u00e1-lo em suas compras, o que movimenta o com\u00e9rcio e os servi\u00e7os, girando a economia.<\/p>\n\n\n\n<p>Essa possibilidade tamb\u00e9m \u00e9 aberta aos veranistas que est\u00e3o em nosso munic\u00edpio. Ao ter a chance de se movimentar com o transporte coletivo, eles podem deixar seus carros na garagem, n\u00e3o precisando gastar com combust\u00edvel e nem se preocupar com o tr\u00e2nsito. Quem j\u00e1 experimentou, aprovou.<\/p>\n\n\n\n<p>\u201cVim com toda a minha fam\u00edlia, sete pessoas. Como eu sempre venho para Matinhos na temporada, sei que o tr\u00e2nsito fatalmente aumenta muito nessa \u00e9poca do ano. O bom \u00e9 que andando de \u00f4nibus n\u00e3o precisamos nos incomodar com isso\u201d, declarou Roberto Longhini, morador de Curitiba e que tem casa no balne\u00e1rio Fl\u00f3rida.<\/p>\n\n\n\n<p>&#8220;\u00c9 maravilhoso poder estar aqui, a cidade est\u00e1 linda e ainda por cima com transporte p\u00fablico gratuito. Eu e minha fam\u00edlia j\u00e1 usamos e est\u00e1 super aprovado, e s\u00f3 entrar e usar, j\u00e1 andamos por toda a cidade\u201d, disse Paula Soares, turista de S\u00e3o Jos\u00e9 dos Pinhais que est\u00e1 em uma pousada no Caiob\u00e1.<\/p>\n\n\n\n<p>O transporte coletivo com tarifa zero tem quatro linhas em Matinhos: Mon\u00e7\u00f5es-Terminal; Bom Retiro-Mangue Seco-Caiob\u00e1; Caiob\u00e1-Tabuleiro; e Cambar\u00e1. As linhas operam todos os dias, com hor\u00e1rio diferenciado aos domingos. Para saber os hor\u00e1rios em que as linhas est\u00e3o em atividade, os interessados podem consultar as redes sociais da Prefeitura de Matinhos.<\/p>\n\n\n\n<p>Departamento de Comunica\u00e7\u00e3o<br>Prefeitura de Matinhos<\/p>\n\n\n\n<p>Acesse o nosso portal: https:\/\/matinhos.atende.net\/cidadao\/noticia\/turistas-e-veranistas-aprovam-o-uso-da-tarifa-zero-em-matinhos<\/p>\n\n\n\n<h1 class=\"wp-block-heading\"><\/h1>\n","protected":false},"excerpt":{"rendered":"<p>Implantado em junho de 2022, o transporte coletivo com tarifa zero j\u00e1 teve sua import\u00e2ncia reconhecida pelos moradores que o utilizam durante todo o ano. E quando chega o ver\u00e3o, o servi\u00e7o tamb\u00e9m \u00e9 muito bem aproveitado pelos turistas que v\u00eam ao nosso munic\u00edpio. Quando o transporte com tarifa zero passou a operar em Matinhos, [&hellip;]<\/p>\n","protected":false},"author":2,"featured_media":57039,"comment_status":"open","ping_status":"open","sticky":false,"template":"","format":"standard","meta":{"advanced_seo_description":"","jetpack_seo_html_title":"","jetpack_seo_noindex":false,"_jetpack_memberships_contains_paid_content":false,"footnotes":""},"categories":[88],"tags":[],"class_list":{"0":"post-57038","1":"post","2":"type-post","3":"status-publish","4":"format-standard","5":"has-post-thumbnail","7":"category-matinhos"},"jetpack_featured_media_url":"https:\/\/www.paranapraia.com.br\/wp-content\/uploads\/2023\/12\/FB_IMG_1703797294350-scaled.jpg","jetpack_sharing_enabled":true,"_links":{"self":[{"href":"https:\/\/www.paranapraia.com.br\/index.php\/wp-json\/wp\/v2\/posts\/57038"}],"collection":[{"href":"https:\/\/www.paranapraia.com.br\/index.php\/wp-json\/wp\/v2\/posts"}],"about":[{"href":"https:\/\/www.paranapraia.com.br\/index.php\/wp-json\/wp\/v2\/types\/post"}],"author":[{"embeddable":true,"href":"https:\/\/www.paranapraia.com.br\/index.php\/wp-json\/wp\/v2\/users\/2"}],"replies":[{"embeddable":true,"href":"https:\/\/www.paranapraia.com.br\/index.php\/wp-json\/wp\/v2\/comments?post=57038"}],"version-history":[{"count":1,"href":"https:\/\/www.paranapraia.com.br\/index.php\/wp-json\/wp\/v2\/posts\/57038\/revisions"}],"predecessor-version":[{"id":57040,"href":"https:\/\/www.paranapraia.com.br\/index.php\/wp-json\/wp\/v2\/posts\/57038\/revisions\/57040"}],"wp:featuredmedia":[{"embeddable":true,"href":"https:\/\/www.paranapraia.com.br\/index.php\/wp-json\/wp\/v2\/media\/57039"}],"wp:attachment":[{"href":"https:\/\/www.paranapraia.com.br\/index.php\/wp-json\/wp\/v2\/media?parent=57038"}],"wp:term":[{"taxonomy":"category","embeddable":true,"href":"https:\/\/www.paranapraia.com.br\/index.php\/wp-json\/wp\/v2\/categories?post=57038"},{"taxonomy":"post_tag","embeddable":true,"href":"https:\/\/www.paranapraia.com.br\/index.php\/wp-json\/wp\/v2\/tags?post=57038"}],"curies":[{"name":"wp","href":"https:\/\/api.w.org\/{rel}","templated":true}]}}