{"id":57020,"date":"2023-12-27T19:38:10","date_gmt":"2023-12-27T22:38:10","guid":{"rendered":"https:\/\/www.paranapraia.com.br\/?p=57020"},"modified":"2023-12-27T19:38:12","modified_gmt":"2023-12-27T22:38:12","slug":"pontal-do-parana-virada-do-ano-tera-queima-de-fogos-sem-estampido","status":"publish","type":"post","link":"https:\/\/www.paranapraia.com.br\/index.php\/2023\/12\/27\/pontal-do-parana-virada-do-ano-tera-queima-de-fogos-sem-estampido\/","title":{"rendered":"Pontal do Paran\u00e1: Virada do ano ter\u00e1 queima de fogos sem estampido"},"content":{"rendered":"\n<p>O ano de 2024 ser\u00e1 recebido com uma grande queima de fogos. Esta \u00e9 a expectativa da Prefeitura de Pontal do Paran\u00e1, que contratou um show pirot\u00e9cnico a partir da meia noite do primeiro dia de 2024. Os fogos ser\u00e3o instalados nos principais centros da cidade, Praia de Leste, Santa Terezinha, Ipanema, Shangri-l\u00e1 e Pontal do Sul.<\/p>\n\n\n\n<p>Os fogos de artif\u00edcio escolhidos s\u00e3o os que n\u00e3o emitem estampido, cumprindo integralmente com as determina\u00e7\u00f5es da legisla\u00e7\u00e3o vigente, que pro\u00edbe o uso deste tipo de artefato. O espet\u00e1culo na virada de ano deve durar cerca de 10 minutos e ir\u00e1 iluminar o c\u00e9u de Pontal na chegada de 2024.<\/p>\n\n\n\n<p><br>Fogos Silenciosos<\/p>\n\n\n\n<p>De acordo com a Associa\u00e7\u00e3o Brasileira de Pirotecnia (Assobrapi), esses artefatos seriam mais bem descritos como \u201cfogos de artif\u00edcio com ru\u00eddo reduzido\u201d, a principal diferen\u00e7a se refere ao n\u00edvel de decib\u00e9is. Os fogos com estampido sonoro ultrapassam a emiss\u00e3o de 150 decib\u00e9is, marca superior aos decib\u00e9is liberados pelas turbinas de avi\u00e3o (aproximadamente 110 dB). Por sua vez, os fogos sem estampido emitem uma quantidade muito inferior, que n\u00e3o chega a 80 decib\u00e9is.<\/p>\n\n\n\n<p>Conforme a OMS, a polui\u00e7\u00e3o sonora se refere \u00e0 exposi\u00e7\u00e3o a sons acima de 85 decib\u00e9is por um longo per\u00edodo de tempo. Os fogos sem estampido sonoro, portanto, n\u00e3o se enquadram na referida situa\u00e7\u00e3o e n\u00e3o agravam a sensibilidade auditiva de pessoas com Transtorno do Espectro do Autismo (TEA), crian\u00e7as, idosos e animais.<\/p>\n\n\n\n<p>Segundo a Assobrapi, os ru\u00eddos provocados pelos fogos com estampido sonoro se assemelham a explos\u00f5es e, por isso, s\u00e3o estrondosos. J\u00e1 os fogos sem estampido proporcionam dois tipos de sons: o primeiro se refere \u00e0 emiss\u00e3o do disparo inicial, e o segundo chama-se ru\u00eddo de abertura, uma explos\u00e3o de pequena propor\u00e7\u00e3o provocada pelo rompimento da c\u00e1psula que gera os efeitos luminosos. Vale mencionar que a exist\u00eancia de ru\u00eddos, tanto nos fogos com estampido quanto nos fogos sem estampido, deve-se \u00e0 utiliza\u00e7\u00e3o de p\u00f3lvora.<\/p>\n\n\n\n<h1 class=\"wp-block-heading\">anonovo<\/h1>\n\n\n\n<h1 class=\"wp-block-heading\">pontaldoparan\u00e1<\/h1>\n\n\n\n<h1 class=\"wp-block-heading\">litoraldoparan\u00e1<\/h1>\n\n\n\n<h1 class=\"wp-block-heading\">pontalasuapraia<\/h1>\n","protected":false},"excerpt":{"rendered":"<p>O ano de 2024 ser\u00e1 recebido com uma grande queima de fogos. Esta \u00e9 a expectativa da Prefeitura de Pontal do Paran\u00e1, que contratou um show pirot\u00e9cnico a partir da meia noite do primeiro dia de 2024. Os fogos ser\u00e3o instalados nos principais centros da cidade, Praia de Leste, Santa Terezinha, Ipanema, Shangri-l\u00e1 e Pontal [&hellip;]<\/p>\n","protected":false},"author":2,"featured_media":57021,"comment_status":"open","ping_status":"open","sticky":false,"template":"","format":"standard","meta":{"advanced_seo_description":"","jetpack_seo_html_title":"","jetpack_seo_noindex":false,"_jetpack_memberships_contains_paid_content":false,"footnotes":""},"categories":[65],"tags":[391,681,318,682,684],"class_list":{"0":"post-57020","1":"post","2":"type-post","3":"status-publish","4":"format-standard","5":"has-post-thumbnail","7":"category-pontal-do-parana","8":"tag-391","9":"tag-estampido","10":"tag-pontal-do-parana","11":"tag-queima","12":"tag-reveion"},"jetpack_featured_media_url":"https:\/\/www.paranapraia.com.br\/wp-content\/uploads\/2023\/12\/Sem-nome-1920-x-1080-px_20231227_193436_0000.png","jetpack_sharing_enabled":true,"_links":{"self":[{"href":"https:\/\/www.paranapraia.com.br\/index.php\/wp-json\/wp\/v2\/posts\/57020"}],"collection":[{"href":"https:\/\/www.paranapraia.com.br\/index.php\/wp-json\/wp\/v2\/posts"}],"about":[{"href":"https:\/\/www.paranapraia.com.br\/index.php\/wp-json\/wp\/v2\/types\/post"}],"author":[{"embeddable":true,"href":"https:\/\/www.paranapraia.com.br\/index.php\/wp-json\/wp\/v2\/users\/2"}],"replies":[{"embeddable":true,"href":"https:\/\/www.paranapraia.com.br\/index.php\/wp-json\/wp\/v2\/comments?post=57020"}],"version-history":[{"count":1,"href":"https:\/\/www.paranapraia.com.br\/index.php\/wp-json\/wp\/v2\/posts\/57020\/revisions"}],"predecessor-version":[{"id":57022,"href":"https:\/\/www.paranapraia.com.br\/index.php\/wp-json\/wp\/v2\/posts\/57020\/revisions\/57022"}],"wp:featuredmedia":[{"embeddable":true,"href":"https:\/\/www.paranapraia.com.br\/index.php\/wp-json\/wp\/v2\/media\/57021"}],"wp:attachment":[{"href":"https:\/\/www.paranapraia.com.br\/index.php\/wp-json\/wp\/v2\/media?parent=57020"}],"wp:term":[{"taxonomy":"category","embeddable":true,"href":"https:\/\/www.paranapraia.com.br\/index.php\/wp-json\/wp\/v2\/categories?post=57020"},{"taxonomy":"post_tag","embeddable":true,"href":"https:\/\/www.paranapraia.com.br\/index.php\/wp-json\/wp\/v2\/tags?post=57020"}],"curies":[{"name":"wp","href":"https:\/\/api.w.org\/{rel}","templated":true}]}}