{"id":56965,"date":"2023-12-21T21:22:03","date_gmt":"2023-12-22T00:22:03","guid":{"rendered":"https:\/\/www.paranapraia.com.br\/?p=56965"},"modified":"2023-12-21T21:22:05","modified_gmt":"2023-12-22T00:22:05","slug":"operacao-preventiva-integra-forcas-de-seguranca-no-litoral-do-estado","status":"publish","type":"post","link":"https:\/\/www.paranapraia.com.br\/index.php\/2023\/12\/21\/operacao-preventiva-integra-forcas-de-seguranca-no-litoral-do-estado\/","title":{"rendered":"Opera\u00e7\u00e3o preventiva integra for\u00e7as de seguran\u00e7a no Litoral do Estado"},"content":{"rendered":"\n<p>For\u00e7as policiais da Secretaria de Estado da Seguran\u00e7a P\u00fablica do Paran\u00e1 (SESP) iniciam no final da tarde desta quinta-feira (21) a Opera\u00e7\u00e3o Integrada Ver\u00e3o Maior Paran\u00e1 Seguro II. As abordagens ocorrer\u00e3o de forma simult\u00e2nea nos postos do Batalh\u00e3o de Pol\u00edcia Rodovi\u00e1ria de Coroados, Alexandra, Pontal do Paran\u00e1 e Estrada da Graciosa.<\/p>\n\n\n\n<p>O objetivo \u00e9 atuar de forma preventiva com abordagens policiais, fiscaliza\u00e7\u00f5es de ve\u00edculos e pessoas, j\u00e1 nos dias que antecedem o grande movimento no Litoral. Mais de 70 policiais civis, militares e penais, al\u00e9m de equipes t\u00e1ticas, c\u00e3es e helic\u00f3pteros, v\u00e3o atuar de forma integrada no refor\u00e7o da seguran\u00e7a dos moradores e veranistas. <\/p>\n\n\n\n<p>O intuito \u00e9 combater o tr\u00e1fico de drogas e outros il\u00edcitos correlatos, al\u00e9m da abordagem de \u00f4nibus de viagem para fiscaliza\u00e7\u00e3o.<\/p>\n\n\n\n<p>\u201cA Opera\u00e7\u00e3o Integrada Ver\u00e3o Maior Paran\u00e1 Seguro reflete o compromisso em proporcionar um ambiente seguro e agrad\u00e1vel para as fam\u00edlias que v\u00eam at\u00e9 o Litoral do Estado. Estamos adotando muitas estrat\u00e9gias neste ano, assim como a implementa\u00e7\u00e3o de opera\u00e7\u00f5es preventivas, buscando construir um ver\u00e3o seguro\u201d, explicou o secret\u00e1rio estadual da Seguran\u00e7a P\u00fablica, Hudson Le\u00f4ncio Teixeira.<\/p>\n\n\n\n<p>A Pol\u00edcia Militar disponibilizou 500 militares para atuarem nos munic\u00edpios litor\u00e2neos e na Costa Noroeste durante toda a temporada. A Pol\u00edcia Civil tamb\u00e9m refor\u00e7ou o quadro com 230 servidores, equipados com novos armamentos. Os profissionais contar\u00e3o com o refor\u00e7o a\u00e9reo dos helic\u00f3pteros do Grupamento de Opera\u00e7\u00f5es A\u00e9reas (GOA).<\/p>\n\n\n\n<p> A Pol\u00edcia Penal ter\u00e1 100 agentes espec\u00edficos para este ver\u00e3o. Neste ano, tamb\u00e9m utilizar\u00e1 uma van, a primeira unidade m\u00f3vel de monitora\u00e7\u00e3o eletr\u00f4nica do pa\u00eds, que prestar\u00e1 atendimentos fiscalizat\u00f3rios e assistenciais a pessoas privadas de liberdade em regime de monitora\u00e7\u00e3o eletr\u00f4nica. O foco ser\u00e3o monitorados de Curitiba, Regi\u00e3o Metropolitana e Litoral do Estado.<\/p>\n\n\n\n<p>VER\u00c3O MAIOR PARAN\u00c1 \u2013 O Ver\u00e3o Maior Paran\u00e1 re\u00fane uma s\u00e9rie de a\u00e7\u00f5es voltadas aos veranistas e moradores dos munic\u00edpios do Litoral, al\u00e9m de Porto Rico e S\u00e3o Pedro do Paran\u00e1, no Noroeste. S\u00e3o atividades esportivas e de lazer que englobam aulas de gin\u00e1stica, dan\u00e7a, caminhadas, recrea\u00e7\u00e3o infantil, shows, torneios e competi\u00e7\u00f5es nacionais e internacionais, programa\u00e7\u00e3o inclusiva e educa\u00e7\u00e3o ambiental. A agenda completa pode ser consultada no site www.verao.pr.gov.br.<\/p>\n\n\n\n<p>AEN<\/p>\n","protected":false},"excerpt":{"rendered":"<p>For\u00e7as policiais da Secretaria de Estado da Seguran\u00e7a P\u00fablica do Paran\u00e1 (SESP) iniciam no final da tarde desta quinta-feira (21) a Opera\u00e7\u00e3o Integrada Ver\u00e3o Maior Paran\u00e1 Seguro II. As abordagens ocorrer\u00e3o de forma simult\u00e2nea nos postos do Batalh\u00e3o de Pol\u00edcia Rodovi\u00e1ria de Coroados, Alexandra, Pontal do Paran\u00e1 e Estrada da Graciosa. O objetivo \u00e9 atuar [&hellip;]<\/p>\n","protected":false},"author":2,"featured_media":56966,"comment_status":"open","ping_status":"open","sticky":false,"template":"","format":"standard","meta":{"advanced_seo_description":"","jetpack_seo_html_title":"","jetpack_seo_noindex":false,"_jetpack_memberships_contains_paid_content":false,"footnotes":""},"categories":[40],"tags":[],"class_list":{"0":"post-56965","1":"post","2":"type-post","3":"status-publish","4":"format-standard","5":"has-post-thumbnail","7":"category-destaques"},"jetpack_featured_media_url":"https:\/\/www.paranapraia.com.br\/wp-content\/uploads\/2023\/12\/whatsapp_image_2023-12-21_at_17.20.27-scaled.jpg","jetpack_sharing_enabled":true,"_links":{"self":[{"href":"https:\/\/www.paranapraia.com.br\/index.php\/wp-json\/wp\/v2\/posts\/56965"}],"collection":[{"href":"https:\/\/www.paranapraia.com.br\/index.php\/wp-json\/wp\/v2\/posts"}],"about":[{"href":"https:\/\/www.paranapraia.com.br\/index.php\/wp-json\/wp\/v2\/types\/post"}],"author":[{"embeddable":true,"href":"https:\/\/www.paranapraia.com.br\/index.php\/wp-json\/wp\/v2\/users\/2"}],"replies":[{"embeddable":true,"href":"https:\/\/www.paranapraia.com.br\/index.php\/wp-json\/wp\/v2\/comments?post=56965"}],"version-history":[{"count":1,"href":"https:\/\/www.paranapraia.com.br\/index.php\/wp-json\/wp\/v2\/posts\/56965\/revisions"}],"predecessor-version":[{"id":56967,"href":"https:\/\/www.paranapraia.com.br\/index.php\/wp-json\/wp\/v2\/posts\/56965\/revisions\/56967"}],"wp:featuredmedia":[{"embeddable":true,"href":"https:\/\/www.paranapraia.com.br\/index.php\/wp-json\/wp\/v2\/media\/56966"}],"wp:attachment":[{"href":"https:\/\/www.paranapraia.com.br\/index.php\/wp-json\/wp\/v2\/media?parent=56965"}],"wp:term":[{"taxonomy":"category","embeddable":true,"href":"https:\/\/www.paranapraia.com.br\/index.php\/wp-json\/wp\/v2\/categories?post=56965"},{"taxonomy":"post_tag","embeddable":true,"href":"https:\/\/www.paranapraia.com.br\/index.php\/wp-json\/wp\/v2\/tags?post=56965"}],"curies":[{"name":"wp","href":"https:\/\/api.w.org\/{rel}","templated":true}]}}