{"id":56613,"date":"2023-12-11T13:28:14","date_gmt":"2023-12-11T16:28:14","guid":{"rendered":"https:\/\/www.paranapraia.com.br\/?p=56613"},"modified":"2023-12-11T13:28:15","modified_gmt":"2023-12-11T16:28:15","slug":"sanepar-instala-geradores-em-matinhos-guaratuba-e-pontal-do-parana-nesta-quarta","status":"publish","type":"post","link":"https:\/\/www.paranapraia.com.br\/index.php\/2023\/12\/11\/sanepar-instala-geradores-em-matinhos-guaratuba-e-pontal-do-parana-nesta-quarta\/","title":{"rendered":"Sanepar instala geradores em Matinhos, Guaratuba e Pontal do Paran\u00e1 nesta quarta"},"content":{"rendered":"\n<p>A Sanepar informa que na quarta-feira (13) vai instalar geradores de energia el\u00e9trica no Litoral, a fim de preparar o sistema para a temporada de ver\u00e3o. O servi\u00e7o poder\u00e1 afetar o abastecimento de \u00e1gua em bairros de Matinhos, Guaratuba e Pontal do Paran\u00e1. Ele ser\u00e1 feito das 9h \u00e0s 17h, com previs\u00e3o de normaliza\u00e7\u00e3o para as 18 horas.<\/p>\n\n\n\n<p><strong>Confira as regi\u00f5es que podem ter o fornecimento comprometido:<\/strong><\/p>\n\n\n\n<p><strong>Matinhos:&nbsp;<\/strong>Inaj\u00e1, Maraj\u00f3, Betaras, Solymar, Ipacaray, Perequ\u00ea, Jamail-Mar, Albatroz, Guacyara e Costa Azul.<\/p>\n\n\n\n<p><strong>Pontal do Paran\u00e1:&nbsp;<\/strong>Praia de Leste, Canoas, Santa Terezinha, Guarapari, Porto Fino, Primavera, Itapo\u00e3, shangril\u00e1, Marissol, Olho D\u2019agua, Atami e Pontal do Sul.<\/p>\n\n\n\n<p><strong>Guaratuba:<\/strong>&nbsp;Centro, Caieiras, Vila Esperan\u00e7a, Figueira, Coroados, Barra do Sa\u00ed e Nereidas.<\/p>\n\n\n\n<p>Podem ficar sem \u00e1gua&nbsp;principalmente&nbsp;clientes que n\u00e3o possuem caixa-d\u2019\u00e1gua domiciliar. A Sanepar lembra que, de acordo com norma da Associa\u00e7\u00e3o Brasileira de Normas T\u00e9cnicas (ABNT), cada im\u00f3vel deve ter caixa-d\u2019\u00e1gua com capacidade para atender as necessidades dos moradores por, no m\u00ednimo, 24 horas. O reservat\u00f3rio domiciliar deve armazenar pelo menos 500 litros.<\/p>\n\n\n\n<p>O Servi\u00e7o de Atendimento ao Cliente Sanepar \u00e9 feito pelo telefone 0800 200 0115. Ao ligar, tenha em m\u00e3os a conta de \u00e1gua ou o n\u00famero de sua matr\u00edcula.<\/p>\n\n\n\n<p>Para consultar esta e outras informa\u00e7\u00f5es, use o aplicativo para celular Sanepar Mobile ou acesse o\u00a0<strong><a href=\"https:\/\/site.sanepar.com.br\/\" target=\"_blank\" rel=\"noreferrer noopener\">site da Sanepar<\/a><\/strong>.<\/p>\n\n\n\n<p>AEN<\/p>\n","protected":false},"excerpt":{"rendered":"<p>A Sanepar informa que na quarta-feira (13) vai instalar geradores de energia el\u00e9trica no Litoral, a fim de preparar o sistema para a temporada de ver\u00e3o. O servi\u00e7o poder\u00e1 afetar o abastecimento de \u00e1gua em bairros de Matinhos, Guaratuba e Pontal do Paran\u00e1. Ele ser\u00e1 feito das 9h \u00e0s 17h, com previs\u00e3o de normaliza\u00e7\u00e3o para [&hellip;]<\/p>\n","protected":false},"author":2,"featured_media":56614,"comment_status":"open","ping_status":"open","sticky":false,"template":"","format":"standard","meta":{"advanced_seo_description":"","jetpack_seo_html_title":"","jetpack_seo_noindex":false,"_jetpack_memberships_contains_paid_content":false,"footnotes":""},"categories":[1],"tags":[],"class_list":{"0":"post-56613","1":"post","2":"type-post","3":"status-publish","4":"format-standard","5":"has-post-thumbnail","7":"category-sem-categoria"},"jetpack_featured_media_url":"https:\/\/www.paranapraia.com.br\/wp-content\/uploads\/2023\/12\/guaratuba-scaled.jpg","jetpack_sharing_enabled":true,"_links":{"self":[{"href":"https:\/\/www.paranapraia.com.br\/index.php\/wp-json\/wp\/v2\/posts\/56613"}],"collection":[{"href":"https:\/\/www.paranapraia.com.br\/index.php\/wp-json\/wp\/v2\/posts"}],"about":[{"href":"https:\/\/www.paranapraia.com.br\/index.php\/wp-json\/wp\/v2\/types\/post"}],"author":[{"embeddable":true,"href":"https:\/\/www.paranapraia.com.br\/index.php\/wp-json\/wp\/v2\/users\/2"}],"replies":[{"embeddable":true,"href":"https:\/\/www.paranapraia.com.br\/index.php\/wp-json\/wp\/v2\/comments?post=56613"}],"version-history":[{"count":1,"href":"https:\/\/www.paranapraia.com.br\/index.php\/wp-json\/wp\/v2\/posts\/56613\/revisions"}],"predecessor-version":[{"id":56615,"href":"https:\/\/www.paranapraia.com.br\/index.php\/wp-json\/wp\/v2\/posts\/56613\/revisions\/56615"}],"wp:featuredmedia":[{"embeddable":true,"href":"https:\/\/www.paranapraia.com.br\/index.php\/wp-json\/wp\/v2\/media\/56614"}],"wp:attachment":[{"href":"https:\/\/www.paranapraia.com.br\/index.php\/wp-json\/wp\/v2\/media?parent=56613"}],"wp:term":[{"taxonomy":"category","embeddable":true,"href":"https:\/\/www.paranapraia.com.br\/index.php\/wp-json\/wp\/v2\/categories?post=56613"},{"taxonomy":"post_tag","embeddable":true,"href":"https:\/\/www.paranapraia.com.br\/index.php\/wp-json\/wp\/v2\/tags?post=56613"}],"curies":[{"name":"wp","href":"https:\/\/api.w.org\/{rel}","templated":true}]}}