{"id":56597,"date":"2023-12-11T08:38:58","date_gmt":"2023-12-11T11:38:58","guid":{"rendered":"https:\/\/www.paranapraia.com.br\/?p=56597"},"modified":"2023-12-11T08:38:59","modified_gmt":"2023-12-11T11:38:59","slug":"concurso-na-assembleia-tera-85-vagas-e-salario-a-partir-de-r-49-mil","status":"publish","type":"post","link":"https:\/\/www.paranapraia.com.br\/index.php\/2023\/12\/11\/concurso-na-assembleia-tera-85-vagas-e-salario-a-partir-de-r-49-mil\/","title":{"rendered":"Concurso na Assembleia ter\u00e1 85 vagas e sal\u00e1rio a partir de R$ 4,9 mil"},"content":{"rendered":"\n<p>Um concurso p\u00fablico para 85 vagas na Assembleia Legislativa do Paran\u00e1 ser\u00e1 formalizado na pr\u00f3xima ter\u00e7a-feira (12), em assinatura de contrato com a Funda\u00e7\u00e3o Get\u00falio Vargas (FGV), banca que ficar\u00e1 respons\u00e1vel pelas provas.<\/p>\n\n\n\n<p>De acordo com a Comiss\u00e3o Executiva, a decis\u00e3o de realizar o concurso p\u00fablico surgiu da avalia\u00e7\u00e3o de que \u00e9 importante a renova\u00e7\u00e3o do quadro funcional. <\/p>\n\n\n\n<p>Os parlamentares explicaram que, al\u00e9m de concursos realizados h\u00e1 muito tempo para \u00e1reas espec\u00edficas, o quadro \u00e9 antigo, com muitos servidores pr\u00f3ximos \u00e0 aposentadoria.<\/p>\n\n\n\n<p>A iniciativa faz parte de uma s\u00e9rie de medidas administrativas voltadas ao fortalecimento do quadro funcional e das pol\u00edticas de transpar\u00eancia adotadas pelo Poder Legislativo.<\/p>\n\n\n\n<p>ALEP<\/p>\n","protected":false},"excerpt":{"rendered":"<p>Um concurso p\u00fablico para 85 vagas na Assembleia Legislativa do Paran\u00e1 ser\u00e1 formalizado na pr\u00f3xima ter\u00e7a-feira (12), em assinatura de contrato com a Funda\u00e7\u00e3o Get\u00falio Vargas (FGV), banca que ficar\u00e1 respons\u00e1vel pelas provas. De acordo com a Comiss\u00e3o Executiva, a decis\u00e3o de realizar o concurso p\u00fablico surgiu da avalia\u00e7\u00e3o de que \u00e9 importante a renova\u00e7\u00e3o [&hellip;]<\/p>\n","protected":false},"author":2,"featured_media":56598,"comment_status":"open","ping_status":"open","sticky":false,"template":"","format":"standard","meta":{"advanced_seo_description":"","jetpack_seo_html_title":"","jetpack_seo_noindex":false,"_jetpack_memberships_contains_paid_content":false,"footnotes":""},"categories":[32],"tags":[],"class_list":{"0":"post-56597","1":"post","2":"type-post","3":"status-publish","4":"format-standard","5":"has-post-thumbnail","7":"category-politica"},"jetpack_featured_media_url":"https:\/\/www.paranapraia.com.br\/wp-content\/uploads\/2023\/12\/images-21.jpeg","jetpack_sharing_enabled":true,"_links":{"self":[{"href":"https:\/\/www.paranapraia.com.br\/index.php\/wp-json\/wp\/v2\/posts\/56597"}],"collection":[{"href":"https:\/\/www.paranapraia.com.br\/index.php\/wp-json\/wp\/v2\/posts"}],"about":[{"href":"https:\/\/www.paranapraia.com.br\/index.php\/wp-json\/wp\/v2\/types\/post"}],"author":[{"embeddable":true,"href":"https:\/\/www.paranapraia.com.br\/index.php\/wp-json\/wp\/v2\/users\/2"}],"replies":[{"embeddable":true,"href":"https:\/\/www.paranapraia.com.br\/index.php\/wp-json\/wp\/v2\/comments?post=56597"}],"version-history":[{"count":1,"href":"https:\/\/www.paranapraia.com.br\/index.php\/wp-json\/wp\/v2\/posts\/56597\/revisions"}],"predecessor-version":[{"id":56599,"href":"https:\/\/www.paranapraia.com.br\/index.php\/wp-json\/wp\/v2\/posts\/56597\/revisions\/56599"}],"wp:featuredmedia":[{"embeddable":true,"href":"https:\/\/www.paranapraia.com.br\/index.php\/wp-json\/wp\/v2\/media\/56598"}],"wp:attachment":[{"href":"https:\/\/www.paranapraia.com.br\/index.php\/wp-json\/wp\/v2\/media?parent=56597"}],"wp:term":[{"taxonomy":"category","embeddable":true,"href":"https:\/\/www.paranapraia.com.br\/index.php\/wp-json\/wp\/v2\/categories?post=56597"},{"taxonomy":"post_tag","embeddable":true,"href":"https:\/\/www.paranapraia.com.br\/index.php\/wp-json\/wp\/v2\/tags?post=56597"}],"curies":[{"name":"wp","href":"https:\/\/api.w.org\/{rel}","templated":true}]}}