{"id":56594,"date":"2023-12-11T08:33:49","date_gmt":"2023-12-11T11:33:49","guid":{"rendered":"https:\/\/www.paranapraia.com.br\/?p=56594"},"modified":"2023-12-11T08:33:50","modified_gmt":"2023-12-11T11:33:50","slug":"pcpr-oferta-servicos-de-policia-judiciaria-em-foz-do-iguacu-nesta-segunda-e-terca","status":"publish","type":"post","link":"https:\/\/www.paranapraia.com.br\/index.php\/2023\/12\/11\/pcpr-oferta-servicos-de-policia-judiciaria-em-foz-do-iguacu-nesta-segunda-e-terca\/","title":{"rendered":"PCPR oferta servi\u00e7os de pol\u00edcia judici\u00e1ria em Foz do Igua\u00e7u nesta segunda e ter\u00e7a"},"content":{"rendered":"\n<p>A Pol\u00edcia Civil do Paran\u00e1 (PCPR) levar\u00e1 servi\u00e7os de pol\u00edcia judici\u00e1ria para a popula\u00e7\u00e3o de Foz do Igua\u00e7u, no Oeste do Estado, nesta segunda e ter\u00e7a-feira (11 e 12). <\/p>\n\n\n\n<p>O evento acontece na nova sede da Delegacia da Mulher e do Posto de Identifica\u00e7\u00e3o da PCPR, na Avenida Jorge Schimmelpfeng, 849, no Centro de Foz do Igua\u00e7u, das 9h \u00e0s 17h.<\/p>\n\n\n\n<p>A PCPR disponibilizar\u00e1 servi\u00e7os como registro de boletins de ocorr\u00eancia, emiss\u00e3o de atestados de antecedentes criminais e orienta\u00e7\u00f5es sobre como fazer den\u00fancias, preven\u00e7\u00f5es e quais medidas podem ser tomadas ao ser v\u00edtima de um crime.<\/p>\n\n\n\n<p>Segundo o coordenador do PCPR na Comunidade, Jo\u00e3o M\u00e1rio Goes, a iniciativa visa levar informa\u00e7\u00f5es e cidadania, principalmente para as mulheres v\u00edtimas de viol\u00eancia dom\u00e9stica. <\/p>\n\n\n\n<p>\u201cO programa PCPR na Comunidade tem como objetivo levar de uma forma moderna e humanizada os servi\u00e7os da Pol\u00edcia Civil a quem mais precisa\u201d, afirma.Al\u00e9m disso, ser\u00e3o confeccionadas a 1\u00aa e 2\u00aa vias da carteira de identidade para quem agendou previamente.<\/p>\n\n\n\n<p> Na segunda, tamb\u00e9m haver\u00e1 uma palestra para 100 mulheres sobre viol\u00eancia dom\u00e9stica.<\/p>\n\n\n\n<p>NOVA SEDE \u2013 O evento acontece na nova estrutura da Delegacia da Mulher e do Posto de Identifica\u00e7\u00e3o, inaugurada sexta-feira (8). A mudan\u00e7a faz parte de um conv\u00eanio da PCPR com a Itaipu Binacional. A demoli\u00e7\u00e3o do pr\u00e9dio antigo e a constru\u00e7\u00e3o da nova sede totalizaram um investimento de R$ 3.507.641,12. <\/p>\n\n\n\n<p>O local de 657,12 metros quadrados \u00e9 propriedade do Governo do Estado. O novo pr\u00e9dio traz melhorias no atendimento ao p\u00fablico e na presta\u00e7\u00e3o de servi\u00e7os e, tamb\u00e9m, contribui para o desempenho das atividades de pol\u00edcia judici\u00e1ria. As mudan\u00e7as incluem ainda espa\u00e7o para crian\u00e7as e \u00e1rea reservada \u00e0 confec\u00e7\u00e3o de boletins de ocorr\u00eancia.<\/p>\n\n\n\n<p>AEN<\/p>\n","protected":false},"excerpt":{"rendered":"<p>A Pol\u00edcia Civil do Paran\u00e1 (PCPR) levar\u00e1 servi\u00e7os de pol\u00edcia judici\u00e1ria para a popula\u00e7\u00e3o de Foz do Igua\u00e7u, no Oeste do Estado, nesta segunda e ter\u00e7a-feira (11 e 12). O evento acontece na nova sede da Delegacia da Mulher e do Posto de Identifica\u00e7\u00e3o da PCPR, na Avenida Jorge Schimmelpfeng, 849, no Centro de Foz [&hellip;]<\/p>\n","protected":false},"author":2,"featured_media":56595,"comment_status":"open","ping_status":"open","sticky":false,"template":"","format":"standard","meta":{"advanced_seo_description":"","jetpack_seo_html_title":"","jetpack_seo_noindex":false,"_jetpack_memberships_contains_paid_content":false,"footnotes":""},"categories":[650],"tags":[],"class_list":{"0":"post-56594","1":"post","2":"type-post","3":"status-publish","4":"format-standard","5":"has-post-thumbnail","7":"category-parana"},"jetpack_featured_media_url":"https:\/\/www.paranapraia.com.br\/wp-content\/uploads\/2023\/12\/whatsapp_image_2023-12-10_at_17.38.19_1-scaled.jpg","jetpack_sharing_enabled":true,"_links":{"self":[{"href":"https:\/\/www.paranapraia.com.br\/index.php\/wp-json\/wp\/v2\/posts\/56594"}],"collection":[{"href":"https:\/\/www.paranapraia.com.br\/index.php\/wp-json\/wp\/v2\/posts"}],"about":[{"href":"https:\/\/www.paranapraia.com.br\/index.php\/wp-json\/wp\/v2\/types\/post"}],"author":[{"embeddable":true,"href":"https:\/\/www.paranapraia.com.br\/index.php\/wp-json\/wp\/v2\/users\/2"}],"replies":[{"embeddable":true,"href":"https:\/\/www.paranapraia.com.br\/index.php\/wp-json\/wp\/v2\/comments?post=56594"}],"version-history":[{"count":1,"href":"https:\/\/www.paranapraia.com.br\/index.php\/wp-json\/wp\/v2\/posts\/56594\/revisions"}],"predecessor-version":[{"id":56596,"href":"https:\/\/www.paranapraia.com.br\/index.php\/wp-json\/wp\/v2\/posts\/56594\/revisions\/56596"}],"wp:featuredmedia":[{"embeddable":true,"href":"https:\/\/www.paranapraia.com.br\/index.php\/wp-json\/wp\/v2\/media\/56595"}],"wp:attachment":[{"href":"https:\/\/www.paranapraia.com.br\/index.php\/wp-json\/wp\/v2\/media?parent=56594"}],"wp:term":[{"taxonomy":"category","embeddable":true,"href":"https:\/\/www.paranapraia.com.br\/index.php\/wp-json\/wp\/v2\/categories?post=56594"},{"taxonomy":"post_tag","embeddable":true,"href":"https:\/\/www.paranapraia.com.br\/index.php\/wp-json\/wp\/v2\/tags?post=56594"}],"curies":[{"name":"wp","href":"https:\/\/api.w.org\/{rel}","templated":true}]}}