{"id":56560,"date":"2023-12-10T10:10:24","date_gmt":"2023-12-10T13:10:24","guid":{"rendered":"https:\/\/www.paranapraia.com.br\/?p=56560"},"modified":"2023-12-10T10:10:26","modified_gmt":"2023-12-10T13:10:26","slug":"turismo-de-experiencia-novos-atrativos-de-guaratuba-sao-apresentados-em-evento-em-curitiba","status":"publish","type":"post","link":"https:\/\/www.paranapraia.com.br\/index.php\/2023\/12\/10\/turismo-de-experiencia-novos-atrativos-de-guaratuba-sao-apresentados-em-evento-em-curitiba\/","title":{"rendered":"Turismo de Experi\u00eancia: Novos atrativos de Guaratuba s\u00e3o apresentados em evento em Curitiba"},"content":{"rendered":"\n<p>Buscando fomentar o turismo no Litoral do Paran\u00e1, em Curitiba e Regi\u00e3o Metropolitana, 22 novos produtos tur\u00edsticos de experi\u00eancia foram apresentados na quinta-feira (7) em evento no Mercado Municipal de Curitiba. De Guaratuba, os representantes de 9 dos 10 novos produtos tur\u00edsticos de experi\u00eancia, al\u00e9m da secret\u00e1ria Adriana Correa Fontes e equipe da Secretaria Municipal da Cultura e Turismo, estiveram participando do evento.<\/p>\n\n\n\n<p><br>Da \u201cPraia do Paran\u00e1\u201d, Guaratuba, foram apresentados os atrativos Canto do Cai\u00e7ara, Viagem ao Salto Parati \u2013 Gastronomia Cai\u00e7ara, Pousada Sol e Mar, Trilha Morro do Cabaraquara, Bistr\u00f4 Vivere Parvo \u2013 Polvo Intergal\u00e1ctico, Descubra Guaratuba: Revoadas dos Guar\u00e1s, o Piquenique Rom\u00e2ntico na Pra\u00e7a dos Namorados, Cocodama oficina na praia e Condutor Tur\u00edstico Chofer 46.<\/p>\n\n\n\n<figure class=\"wp-block-image size-large\"><img loading=\"lazy\" decoding=\"async\" width=\"1024\" height=\"683\" src=\"https:\/\/www.paranapraia.com.br\/wp-content\/uploads\/2023\/12\/FB_IMG_1702213650711-1024x683.jpg\" alt=\"\" class=\"wp-image-56563\" srcset=\"https:\/\/www.paranapraia.com.br\/wp-content\/uploads\/2023\/12\/FB_IMG_1702213650711-1024x683.jpg 1024w, https:\/\/www.paranapraia.com.br\/wp-content\/uploads\/2023\/12\/FB_IMG_1702213650711-300x200.jpg 300w, https:\/\/www.paranapraia.com.br\/wp-content\/uploads\/2023\/12\/FB_IMG_1702213650711-768x512.jpg 768w, https:\/\/www.paranapraia.com.br\/wp-content\/uploads\/2023\/12\/FB_IMG_1702213650711-696x464.jpg 696w, https:\/\/www.paranapraia.com.br\/wp-content\/uploads\/2023\/12\/FB_IMG_1702213650711-1068x712.jpg 1068w, https:\/\/www.paranapraia.com.br\/wp-content\/uploads\/2023\/12\/FB_IMG_1702213650711-scaled.jpg 800w\" sizes=\"(max-width: 1024px) 100vw, 1024px\" \/><\/figure>\n\n\n\n<p><br>S\u00e3o produtos, servi\u00e7os, passeios e locais que estimulam a imers\u00e3o e a regionalidade para quem busca conhecer o Paran\u00e1. O evento foi uma iniciativa do Sebrae\/PR, do Pr\u00f3-Metr\u00f3pole e do Instituto Curitiba Turismo.<\/p>\n\n\n\n<p><br>Segundo Fabiano da Silva, membro do Instituto Guaju, respons\u00e1vel pela iniciativa \u201cRevoada dos Guar\u00e1s\u201d, que realiza passeios de barcos com guia pela Ba\u00eda de Guaratuba, o instituto n\u00e3o governamental promove a import\u00e2ncia de se transformar a ave guar\u00e1 num produto tur\u00edstico. <\/p>\n\n\n\n<figure class=\"wp-block-image size-large\"><img loading=\"lazy\" decoding=\"async\" width=\"1024\" height=\"683\" src=\"https:\/\/www.paranapraia.com.br\/wp-content\/uploads\/2023\/12\/FB_IMG_1702213618934-1024x683.jpg\" alt=\"\" class=\"wp-image-56562\" srcset=\"https:\/\/www.paranapraia.com.br\/wp-content\/uploads\/2023\/12\/FB_IMG_1702213618934-1024x683.jpg 1024w, https:\/\/www.paranapraia.com.br\/wp-content\/uploads\/2023\/12\/FB_IMG_1702213618934-300x200.jpg 300w, https:\/\/www.paranapraia.com.br\/wp-content\/uploads\/2023\/12\/FB_IMG_1702213618934-768x512.jpg 768w, https:\/\/www.paranapraia.com.br\/wp-content\/uploads\/2023\/12\/FB_IMG_1702213618934-696x464.jpg 696w, https:\/\/www.paranapraia.com.br\/wp-content\/uploads\/2023\/12\/FB_IMG_1702213618934-1068x712.jpg 1068w, https:\/\/www.paranapraia.com.br\/wp-content\/uploads\/2023\/12\/FB_IMG_1702213618934-scaled.jpg 800w\" sizes=\"(max-width: 1024px) 100vw, 1024px\" \/><\/figure>\n\n\n\n<p>\u201cGuaratuba vem exatamente dessa jun\u00e7\u00e3o das palavras, \u2018muitos guar\u00e1s\u2019. S\u00f3 que, em 252 anos de funda\u00e7\u00e3o, passamos 80 anos com a esp\u00e9cie em extin\u00e7\u00e3o, at\u00e9 2008, quando come\u00e7aram a retornar. Tamb\u00e9m unimos conhecimentos sobre os sambaquis, as popula\u00e7\u00f5es cai\u00e7aras, temos uma riqueza ambiental e cultural enorme no nosso litoral\u201d, destaca.<\/p>\n\n\n\n<p>Guaratuba tem novos atrativos do Destino Tur\u00edstico Inteligente<\/p>\n\n\n\n<p>No programa Destino Tur\u00edstico Inteligente (DTI) iniciado em maio deste ano, a Prefeitura de Guaratuba contratou o Sebrae para analisar os produtos tur\u00edsticos existentes e os potenciais visando a indica\u00e7\u00e3o de poss\u00edveis experi\u00eancias nos mais diversos formatos de atrativos tur\u00edsticos com vistas \u00e0s segmenta\u00e7\u00f5es e nichos. Foi realizado antes, em 2022 e in\u00edcio de 2023, um Estudo Mercadol\u00f3gico dos Produtos Tur\u00edsticos do Destino Guaratuba que norteou o DTI (Acesse aqui &#8211; <a href=\"http:\/\/portal.guaratuba.pr.gov.br\/canal-do-turista\/DEDM-DestinoGuaratuba-final-maio-2023.pdf\" target=\"_blank\" rel=\"noreferrer noopener\">http:\/\/portal.guaratuba.pr.gov.br\/canal-do-turista\/DEDM-DestinoGuaratuba-final-maio-2023.pdf<\/a>).<\/p>\n\n\n\n<figure class=\"wp-block-image size-large\"><img loading=\"lazy\" decoding=\"async\" width=\"1024\" height=\"683\" src=\"https:\/\/www.paranapraia.com.br\/wp-content\/uploads\/2023\/12\/FB_IMG_1702213632429-1024x683.jpg\" alt=\"\" class=\"wp-image-56564\" srcset=\"https:\/\/www.paranapraia.com.br\/wp-content\/uploads\/2023\/12\/FB_IMG_1702213632429-1024x683.jpg 1024w, https:\/\/www.paranapraia.com.br\/wp-content\/uploads\/2023\/12\/FB_IMG_1702213632429-300x200.jpg 300w, https:\/\/www.paranapraia.com.br\/wp-content\/uploads\/2023\/12\/FB_IMG_1702213632429-768x512.jpg 768w, https:\/\/www.paranapraia.com.br\/wp-content\/uploads\/2023\/12\/FB_IMG_1702213632429-696x464.jpg 696w, https:\/\/www.paranapraia.com.br\/wp-content\/uploads\/2023\/12\/FB_IMG_1702213632429-1068x712.jpg 1068w, https:\/\/www.paranapraia.com.br\/wp-content\/uploads\/2023\/12\/FB_IMG_1702213632429-scaled.jpg 800w\" sizes=\"(max-width: 1024px) 100vw, 1024px\" \/><\/figure>\n\n\n\n<p>A parceria por meio da Secretaria de Cultura e Turismo possibilitou desenvolver estrat\u00e9gias de mercado e inova\u00e7\u00e3o em uma jornada para formatar novos produtos de experi\u00eancias tur\u00edsticas. Participaram da jornada mais de 30 empresas e institui\u00e7\u00f5es, resultando em novos produtos tur\u00edsticos de experi\u00eancia demonstrando um compromisso coletivo para o avan\u00e7o do setor.<\/p>\n\n\n\n<p>Conhe\u00e7a os novos atrativos tur\u00edsticos de Guaratuba no site:<\/p>\n\n\n\n<p><a href=\"https:\/\/sites.pr.sebrae.com.br\/experienciasturisticas\/category\/locais\/litoral\/\">https:\/\/sites.pr.sebrae.com.br\/experienciasturisticas\/category\/locais\/litoral\/<\/a><\/p>\n\n\n\n<p>Assessoria<\/p>\n","protected":false},"excerpt":{"rendered":"<p>Buscando fomentar o turismo no Litoral do Paran\u00e1, em Curitiba e Regi\u00e3o Metropolitana, 22 novos produtos tur\u00edsticos de experi\u00eancia foram apresentados na quinta-feira (7) em evento no Mercado Municipal de Curitiba. De Guaratuba, os representantes de 9 dos 10 novos produtos tur\u00edsticos de experi\u00eancia, al\u00e9m da secret\u00e1ria Adriana Correa Fontes e equipe da Secretaria Municipal [&hellip;]<\/p>\n","protected":false},"author":2,"featured_media":56561,"comment_status":"open","ping_status":"open","sticky":false,"template":"","format":"standard","meta":{"advanced_seo_description":"","jetpack_seo_html_title":"","jetpack_seo_noindex":false,"_jetpack_memberships_contains_paid_content":false,"footnotes":""},"categories":[99],"tags":[],"class_list":{"0":"post-56560","1":"post","2":"type-post","3":"status-publish","4":"format-standard","5":"has-post-thumbnail","7":"category-guaratuba"},"jetpack_featured_media_url":"https:\/\/www.paranapraia.com.br\/wp-content\/uploads\/2023\/12\/FB_IMG_1702213641512-scaled.jpg","jetpack_sharing_enabled":true,"_links":{"self":[{"href":"https:\/\/www.paranapraia.com.br\/index.php\/wp-json\/wp\/v2\/posts\/56560"}],"collection":[{"href":"https:\/\/www.paranapraia.com.br\/index.php\/wp-json\/wp\/v2\/posts"}],"about":[{"href":"https:\/\/www.paranapraia.com.br\/index.php\/wp-json\/wp\/v2\/types\/post"}],"author":[{"embeddable":true,"href":"https:\/\/www.paranapraia.com.br\/index.php\/wp-json\/wp\/v2\/users\/2"}],"replies":[{"embeddable":true,"href":"https:\/\/www.paranapraia.com.br\/index.php\/wp-json\/wp\/v2\/comments?post=56560"}],"version-history":[{"count":1,"href":"https:\/\/www.paranapraia.com.br\/index.php\/wp-json\/wp\/v2\/posts\/56560\/revisions"}],"predecessor-version":[{"id":56565,"href":"https:\/\/www.paranapraia.com.br\/index.php\/wp-json\/wp\/v2\/posts\/56560\/revisions\/56565"}],"wp:featuredmedia":[{"embeddable":true,"href":"https:\/\/www.paranapraia.com.br\/index.php\/wp-json\/wp\/v2\/media\/56561"}],"wp:attachment":[{"href":"https:\/\/www.paranapraia.com.br\/index.php\/wp-json\/wp\/v2\/media?parent=56560"}],"wp:term":[{"taxonomy":"category","embeddable":true,"href":"https:\/\/www.paranapraia.com.br\/index.php\/wp-json\/wp\/v2\/categories?post=56560"},{"taxonomy":"post_tag","embeddable":true,"href":"https:\/\/www.paranapraia.com.br\/index.php\/wp-json\/wp\/v2\/tags?post=56560"}],"curies":[{"name":"wp","href":"https:\/\/api.w.org\/{rel}","templated":true}]}}