{"id":56551,"date":"2023-12-10T09:24:51","date_gmt":"2023-12-10T12:24:51","guid":{"rendered":"https:\/\/www.paranapraia.com.br\/?p=56551"},"modified":"2023-12-10T09:25:18","modified_gmt":"2023-12-10T12:25:18","slug":"instalacao-de-gerador-pode-afetar-abastecimento-em-bairros-de-guaratuba-na-terca-feira","status":"publish","type":"post","link":"https:\/\/www.paranapraia.com.br\/index.php\/2023\/12\/10\/instalacao-de-gerador-pode-afetar-abastecimento-em-bairros-de-guaratuba-na-terca-feira\/","title":{"rendered":"Instala\u00e7\u00e3o de gerador pode afetar abastecimento em bairros de Guaratuba na ter\u00e7a-feira"},"content":{"rendered":"\n<p>A Sanepar informa que ser\u00e1 instalado um gerador de energia el\u00e9trica na esta\u00e7\u00e3o de tratamento de \u00e1gua de Guaratuba na ter\u00e7a-feira (12). O novo equipamento visa garantir o fornecimento de \u00e1gua quando ocorrer falta de energia el\u00e9trica durante a alta temporada.<\/p>\n\n\n\n<p>O servi\u00e7o ser\u00e1 executado das 9h \u00e0s 17h, o que pode causar falta tempor\u00e1ria de \u00e1gua nas regi\u00f5es dos bairros Pi\u00e7arras, Brejatuba, Mirim e Carvoeiro. A previs\u00e3o \u00e9 que o abastecimento volte \u00e0 normalidade a partir das 18 horas e de forma gradativa.<\/p>\n\n\n\n<p>Os trabalhos podem ser cancelados em caso de mau tempo, impossibilidade de execu\u00e7\u00e3o com seguran\u00e7a, fatores externos que impe\u00e7am a realiza\u00e7\u00e3o dos servi\u00e7os no prazo programado, problemas operacionais que impactem de forma cr\u00edtica o sistema de abastecimento.<\/p>\n\n\n\n<p>S\u00f3 ficar\u00e3o sem \u00e1gua durante este per\u00edodo os clientes que n\u00e3o t\u00eam caixa-d\u2019\u00e1gua no im\u00f3vel. Conforme recomenda\u00e7\u00e3o da ABNT (Associa\u00e7\u00e3o Brasileira de Normas T\u00e9cnicas), cada im\u00f3vel deve possuir uma caixa-d\u2019\u00e1gua de pelo menos 500 litros. Assim, \u00e9 poss\u00edvel ter \u00e1gua por 24 horas, no m\u00ednimo.O Servi\u00e7o de Atendimento ao Cliente Sanepar \u00e9 feito pelo telefone 0800 200 0115, que funciona 24 horas. <\/p>\n\n\n\n<p>Ao ligar, tenha em m\u00e3os a conta de \u00e1gua ou o n\u00famero de sua matr\u00edcula.Para esta e outras informa\u00e7\u00f5es utilize o aplicativo para celular Sanepar Mobile ou acesse o site da Sanepar: www.sanepar.com.br.<\/p>\n\n\n\n<p>AEN<\/p>\n","protected":false},"excerpt":{"rendered":"<p>A Sanepar informa que ser\u00e1 instalado um gerador de energia el\u00e9trica na esta\u00e7\u00e3o de tratamento de \u00e1gua de Guaratuba na ter\u00e7a-feira (12). O novo equipamento visa garantir o fornecimento de \u00e1gua quando ocorrer falta de energia el\u00e9trica durante a alta temporada. O servi\u00e7o ser\u00e1 executado das 9h \u00e0s 17h, o que pode causar falta tempor\u00e1ria [&hellip;]<\/p>\n","protected":false},"author":2,"featured_media":28564,"comment_status":"open","ping_status":"open","sticky":false,"template":"","format":"standard","meta":{"advanced_seo_description":"","jetpack_seo_html_title":"","jetpack_seo_noindex":false,"_jetpack_memberships_contains_paid_content":false,"footnotes":""},"categories":[99],"tags":[],"class_list":{"0":"post-56551","1":"post","2":"type-post","3":"status-publish","4":"format-standard","5":"has-post-thumbnail","7":"category-guaratuba"},"jetpack_featured_media_url":"https:\/\/www.paranapraia.com.br\/wp-content\/uploads\/2020\/07\/noticia_529794_img1_corona-onibus-fernando-frazao-1.jpg","jetpack_sharing_enabled":true,"_links":{"self":[{"href":"https:\/\/www.paranapraia.com.br\/index.php\/wp-json\/wp\/v2\/posts\/56551"}],"collection":[{"href":"https:\/\/www.paranapraia.com.br\/index.php\/wp-json\/wp\/v2\/posts"}],"about":[{"href":"https:\/\/www.paranapraia.com.br\/index.php\/wp-json\/wp\/v2\/types\/post"}],"author":[{"embeddable":true,"href":"https:\/\/www.paranapraia.com.br\/index.php\/wp-json\/wp\/v2\/users\/2"}],"replies":[{"embeddable":true,"href":"https:\/\/www.paranapraia.com.br\/index.php\/wp-json\/wp\/v2\/comments?post=56551"}],"version-history":[{"count":1,"href":"https:\/\/www.paranapraia.com.br\/index.php\/wp-json\/wp\/v2\/posts\/56551\/revisions"}],"predecessor-version":[{"id":56552,"href":"https:\/\/www.paranapraia.com.br\/index.php\/wp-json\/wp\/v2\/posts\/56551\/revisions\/56552"}],"wp:featuredmedia":[{"embeddable":true,"href":"https:\/\/www.paranapraia.com.br\/index.php\/wp-json\/wp\/v2\/media\/28564"}],"wp:attachment":[{"href":"https:\/\/www.paranapraia.com.br\/index.php\/wp-json\/wp\/v2\/media?parent=56551"}],"wp:term":[{"taxonomy":"category","embeddable":true,"href":"https:\/\/www.paranapraia.com.br\/index.php\/wp-json\/wp\/v2\/categories?post=56551"},{"taxonomy":"post_tag","embeddable":true,"href":"https:\/\/www.paranapraia.com.br\/index.php\/wp-json\/wp\/v2\/tags?post=56551"}],"curies":[{"name":"wp","href":"https:\/\/api.w.org\/{rel}","templated":true}]}}