{"id":56541,"date":"2023-12-09T22:19:56","date_gmt":"2023-12-10T01:19:56","guid":{"rendered":"https:\/\/www.paranapraia.com.br\/?p=56541"},"modified":"2023-12-09T22:19:58","modified_gmt":"2023-12-10T01:19:58","slug":"thaeme-thiago-tem-um-convite-especial-para-voce-aniversario-de-28-anos-de-pontal-do-parana","status":"publish","type":"post","link":"https:\/\/www.paranapraia.com.br\/index.php\/2023\/12\/09\/thaeme-thiago-tem-um-convite-especial-para-voce-aniversario-de-28-anos-de-pontal-do-parana\/","title":{"rendered":"Thaeme &#038; Thiago tem um convite especial para voc\u00ea, anivers\u00e1rio de 28 anos de Pontal do Paran\u00e1"},"content":{"rendered":"\n<p>No dia 19 de dezembro a partir das 19hrs no Centro de Eventos Marisol, grande show de fogos e uma agenda preparada com muito carinho, incluindo apresenta\u00e7\u00f5es de muitos artistas locais e show com a dupla Thaeme &amp; Thiago.<\/p>\n\n\n\n<figure class=\"wp-block-video\"><video controls src=\"https:\/\/www.paranapraia.com.br\/wp-content\/uploads\/2023\/12\/No-video-title-fdown.net-3.mp4\"><\/video><\/figure>\n\n\n\n<p>Os hor\u00e1rios e a programa\u00e7\u00e3o completa ser\u00e3o divulgados em breve. Iniciativa da Prefeitura de Pontal do Paran\u00e1 como presente a todos os cidad\u00e3os que nos ajudam todos os dias a fazer uma cidade melhor!<\/p>\n\n\n\n<p>Anote na sua agenda e compare\u00e7a!<\/p>\n\n\n\n<h1 class=\"wp-block-heading\">pontalquecresce<\/h1>\n\n\n\n<h1 class=\"wp-block-heading\">pontalparticipa<\/h1>\n\n\n\n<h1 class=\"wp-block-heading\">pontaldoparana<\/h1>\n\n\n\n<h1 class=\"wp-block-heading\">PrefeituradePontaldoParan\u00e1<\/h1>\n\n\n\n<h1 class=\"wp-block-heading\">thaemeethiago<\/h1>\n\n\n\n<h1 class=\"wp-block-heading\">litoralpr<\/h1>\n\n\n\n<h1 class=\"wp-block-heading\">litoralparanaense<\/h1>\n","protected":false},"excerpt":{"rendered":"<p>No dia 19 de dezembro a partir das 19hrs no Centro de Eventos Marisol, grande show de fogos e uma agenda preparada com muito carinho, incluindo apresenta\u00e7\u00f5es de muitos artistas locais e show com a dupla Thaeme &amp; Thiago. Os hor\u00e1rios e a programa\u00e7\u00e3o completa ser\u00e3o divulgados em breve. Iniciativa da Prefeitura de Pontal do [&hellip;]<\/p>\n","protected":false},"author":2,"featured_media":56543,"comment_status":"open","ping_status":"open","sticky":false,"template":"","format":"standard","meta":{"advanced_seo_description":"","jetpack_seo_html_title":"","jetpack_seo_noindex":false,"_jetpack_memberships_contains_paid_content":false,"footnotes":""},"categories":[65],"tags":[],"class_list":{"0":"post-56541","1":"post","2":"type-post","3":"status-publish","4":"format-standard","5":"has-post-thumbnail","7":"category-pontal-do-parana"},"jetpack_featured_media_url":"https:\/\/www.paranapraia.com.br\/wp-content\/uploads\/2023\/12\/images-14.jpeg","jetpack_sharing_enabled":true,"_links":{"self":[{"href":"https:\/\/www.paranapraia.com.br\/index.php\/wp-json\/wp\/v2\/posts\/56541"}],"collection":[{"href":"https:\/\/www.paranapraia.com.br\/index.php\/wp-json\/wp\/v2\/posts"}],"about":[{"href":"https:\/\/www.paranapraia.com.br\/index.php\/wp-json\/wp\/v2\/types\/post"}],"author":[{"embeddable":true,"href":"https:\/\/www.paranapraia.com.br\/index.php\/wp-json\/wp\/v2\/users\/2"}],"replies":[{"embeddable":true,"href":"https:\/\/www.paranapraia.com.br\/index.php\/wp-json\/wp\/v2\/comments?post=56541"}],"version-history":[{"count":1,"href":"https:\/\/www.paranapraia.com.br\/index.php\/wp-json\/wp\/v2\/posts\/56541\/revisions"}],"predecessor-version":[{"id":56544,"href":"https:\/\/www.paranapraia.com.br\/index.php\/wp-json\/wp\/v2\/posts\/56541\/revisions\/56544"}],"wp:featuredmedia":[{"embeddable":true,"href":"https:\/\/www.paranapraia.com.br\/index.php\/wp-json\/wp\/v2\/media\/56543"}],"wp:attachment":[{"href":"https:\/\/www.paranapraia.com.br\/index.php\/wp-json\/wp\/v2\/media?parent=56541"}],"wp:term":[{"taxonomy":"category","embeddable":true,"href":"https:\/\/www.paranapraia.com.br\/index.php\/wp-json\/wp\/v2\/categories?post=56541"},{"taxonomy":"post_tag","embeddable":true,"href":"https:\/\/www.paranapraia.com.br\/index.php\/wp-json\/wp\/v2\/tags?post=56541"}],"curies":[{"name":"wp","href":"https:\/\/api.w.org\/{rel}","templated":true}]}}