{"id":56527,"date":"2023-12-09T17:33:22","date_gmt":"2023-12-09T20:33:22","guid":{"rendered":"https:\/\/www.paranapraia.com.br\/?p=56527"},"modified":"2023-12-09T18:22:31","modified_gmt":"2023-12-09T21:22:31","slug":"matinhos-projeto-de-educacao-em-saude-no-combate-a-dengue-tem-seu-encerramento-nesta-sexta","status":"publish","type":"post","link":"https:\/\/www.paranapraia.com.br\/index.php\/2023\/12\/09\/matinhos-projeto-de-educacao-em-saude-no-combate-a-dengue-tem-seu-encerramento-nesta-sexta\/","title":{"rendered":"Matinhos: Projeto de Educa\u00e7\u00e3o em Sa\u00fade no Combate \u00e0 Dengue tem seu encerramento nesta sexta"},"content":{"rendered":"\n<p>Nesta sexta-feira (08) foi celebrado o encerramento do Projeto de Educa\u00e7\u00e3o em Sa\u00fade no Combate \u00e0 Dengue. Iniciativa da Secretaria da Sa\u00fade, o projeto teve in\u00edcio com a miss\u00e3o de ampliar nas crian\u00e7as a conscientiza\u00e7\u00e3o sobre o combate \u00e0 dengue.<\/p>\n\n\n\n<p>O encerramento do projeto contou com a participa\u00e7\u00e3o das sete escolas do munic\u00edpio. O evento trouxe uma pe\u00e7a teatral, exposi\u00e7\u00e3o de materiais educativos e a certifica\u00e7\u00e3o dos participantes do curso de Agente de Endemias Mirim.<\/p>\n\n\n\n<p>\u201cEstendemos nossa gratid\u00e3o \u00e0s comunidades que abra\u00e7aram essa causa, evidenciando que, quando nos unimos, somos impar\u00e1veis na defesa da sa\u00fade p\u00fablica. Este encerramento marca o in\u00edcio de um legado duradouro em nossa luta contra o Aedes aegypti\u201d, disse o coordenador do Controle de Endemias, Andr\u00e9 Matsuzaki.<\/p>\n\n\n\n<p>Na realiza\u00e7\u00e3o do projeto, a pasta da Sa\u00fade contou com o apoio da Secretaria de Educa\u00e7\u00e3o, UFPR Litoral e Guarda Municipal.<\/p>\n\n\n\n<p>Departamento de Comunica\u00e7\u00e3o<br>Prefeitura de Matinhos<\/p>\n\n\n\n<p>Acesse o nosso portal: https:\/\/matinhos.atende.net\/cidadao\/noticia\/projeto-de-educacao-em-saude-no-combate-a-dengue-tem-seu-encerramento-nesta-sexta<\/p>\n\n\n\n<h1 class=\"wp-block-heading\"><\/h1>\n","protected":false},"excerpt":{"rendered":"<p>Nesta sexta-feira (08) foi celebrado o encerramento do Projeto de Educa\u00e7\u00e3o em Sa\u00fade no Combate \u00e0 Dengue. Iniciativa da Secretaria da Sa\u00fade, o projeto teve in\u00edcio com a miss\u00e3o de ampliar nas crian\u00e7as a conscientiza\u00e7\u00e3o sobre o combate \u00e0 dengue. O encerramento do projeto contou com a participa\u00e7\u00e3o das sete escolas do munic\u00edpio. O evento [&hellip;]<\/p>\n","protected":false},"author":2,"featured_media":56528,"comment_status":"open","ping_status":"open","sticky":false,"template":"","format":"standard","meta":{"advanced_seo_description":"","jetpack_seo_html_title":"","jetpack_seo_noindex":false,"_jetpack_memberships_contains_paid_content":false,"footnotes":""},"categories":[88],"tags":[],"class_list":{"0":"post-56527","1":"post","2":"type-post","3":"status-publish","4":"format-standard","5":"has-post-thumbnail","7":"category-matinhos"},"jetpack_featured_media_url":"https:\/\/www.paranapraia.com.br\/wp-content\/uploads\/2023\/12\/FB_IMG_1702149492881-scaled.jpg","jetpack_sharing_enabled":true,"_links":{"self":[{"href":"https:\/\/www.paranapraia.com.br\/index.php\/wp-json\/wp\/v2\/posts\/56527"}],"collection":[{"href":"https:\/\/www.paranapraia.com.br\/index.php\/wp-json\/wp\/v2\/posts"}],"about":[{"href":"https:\/\/www.paranapraia.com.br\/index.php\/wp-json\/wp\/v2\/types\/post"}],"author":[{"embeddable":true,"href":"https:\/\/www.paranapraia.com.br\/index.php\/wp-json\/wp\/v2\/users\/2"}],"replies":[{"embeddable":true,"href":"https:\/\/www.paranapraia.com.br\/index.php\/wp-json\/wp\/v2\/comments?post=56527"}],"version-history":[{"count":1,"href":"https:\/\/www.paranapraia.com.br\/index.php\/wp-json\/wp\/v2\/posts\/56527\/revisions"}],"predecessor-version":[{"id":56529,"href":"https:\/\/www.paranapraia.com.br\/index.php\/wp-json\/wp\/v2\/posts\/56527\/revisions\/56529"}],"wp:featuredmedia":[{"embeddable":true,"href":"https:\/\/www.paranapraia.com.br\/index.php\/wp-json\/wp\/v2\/media\/56528"}],"wp:attachment":[{"href":"https:\/\/www.paranapraia.com.br\/index.php\/wp-json\/wp\/v2\/media?parent=56527"}],"wp:term":[{"taxonomy":"category","embeddable":true,"href":"https:\/\/www.paranapraia.com.br\/index.php\/wp-json\/wp\/v2\/categories?post=56527"},{"taxonomy":"post_tag","embeddable":true,"href":"https:\/\/www.paranapraia.com.br\/index.php\/wp-json\/wp\/v2\/tags?post=56527"}],"curies":[{"name":"wp","href":"https:\/\/api.w.org\/{rel}","templated":true}]}}