{"id":5651,"date":"2019-04-10T11:50:30","date_gmt":"2019-04-10T14:50:30","guid":{"rendered":"https:\/\/www.paranapraia.com.br\/?p=5651"},"modified":"2019-04-10T11:50:32","modified_gmt":"2019-04-10T14:50:32","slug":"sao-jose-dos-pinhais-tem-o-primeiro-caso-de-zika-virus-registrado-no-parana","status":"publish","type":"post","link":"https:\/\/www.paranapraia.com.br\/index.php\/2019\/04\/10\/sao-jose-dos-pinhais-tem-o-primeiro-caso-de-zika-virus-registrado-no-parana\/","title":{"rendered":"S\u00e3o Jos\u00e9 dos Pinhais tem o primeiro caso de Zika V\u00edrus registrado no Paran\u00e1"},"content":{"rendered":"\n<p>O primeiro caso aut\u00f3ctone de Zila V\u00edrus do Paran\u00e1, neste ano, foi registrado em S\u00e3o Jos\u00e9 dos Pinhais, munic\u00edpio da Regi\u00e3o Metropolitana de Curitiba (RMC). O caso foi apontado no \u00faltimo boletim da Secretaria de Estado da Sa\u00fade, divulgado nesta ter\u00e7a-feira, 9, junto com os casos dengue.&nbsp;&nbsp;A v\u00edtima da Zika, segundo o boletim, \u00e9 um homem, de 37 anos, que contraiu a forma mais leve da doen\u00e7a e passa bem. Outros dois casos foram confirmados em boletins anteriores, mas eram importados. Os casos de chikungunya somavam seis at\u00e9 este boletim.<\/p>\n\n\n\n<p>\u201cPrecisamos da ajuda da popula\u00e7\u00e3o para a elimina\u00e7\u00e3o de focos, mantendo os quintais e terrenos limpos, sem lixo acumulado e sem recipientes com \u00e1gua parada\u201d, alerta o secret\u00e1rio de Estado da Sa\u00fade, Beto Preto. O alerta \u00e9 para que a popula\u00e7\u00e3o participe do combate para a elimina\u00e7\u00e3o de focos, mantendo os quintais e terrenos limpos, sem lixo acumulado e sem recipientes com \u00e1gua parada.<\/p>\n\n\n\n<p>O zika \u00e9 um v\u00edrus transmitido pelo mesmo mosquito da dengue, o Aedes aegypti. Foi identificado pela primeira vez no Brasil em abril de 2015. De acordo com o Minist\u00e9rio da Sa\u00fade, cerca de 80% das pessoas infectadas pelo v\u00edrus zika n\u00e3o desenvolvem manifesta\u00e7\u00f5es cl\u00ednicas.<\/p>\n\n\n\n<p>Os principais sintomas s\u00e3o dor de cabe\u00e7a, febre baixa, dores leves nas articula\u00e7\u00f5es, manchas vermelhas na pele, coceira e vermelhid\u00e3o nos olhos. Outros sintomas menos frequentes s\u00e3o incha\u00e7o no corpo, dor de garganta, tosse e v\u00f4mitos. No geral, a evolu\u00e7\u00e3o da doen\u00e7a \u00e9 benigna e os sintomas desaparecem espontaneamente ap\u00f3s 3 a 7 dias. No entanto, a dor nas articula\u00e7\u00f5es pode persistir por aproximadamente um m\u00eas. Formas graves e at\u00edpicas s\u00e3o raras, mas quando ocorrem podem, excepcionalmente, evoluir para morte, como identificado no m\u00eas de novembro de 2015, pela primeira vez na hist\u00f3ria<\/p>\n\n\n\n<p>Ainda n\u00e3o existe vacina ou medicamentos contra zika. Portanto, a \u00fanica forma de preven\u00e7\u00e3o \u00e9 acabar com o mosquito, mantendo o domic\u00edlio sempre limpo, eliminando os poss\u00edveis criadouros. A OMS recomenda, dentre outras medidas, a pr\u00e1tica de sexo seguro por mulheres gestantes que vivem em \u00e1reas de alta transmiss\u00e3o do v\u00edrus.<\/p>\n\n\n\n<p>Bem Paran\u00e1<\/p>\n","protected":false},"excerpt":{"rendered":"<p>O primeiro caso aut\u00f3ctone de Zila V\u00edrus do Paran\u00e1, neste ano, foi registrado em S\u00e3o Jos\u00e9 dos Pinhais, munic\u00edpio da Regi\u00e3o Metropolitana de Curitiba (RMC). O caso foi apontado no \u00faltimo boletim da Secretaria de Estado da Sa\u00fade, divulgado nesta ter\u00e7a-feira, 9, junto com os casos dengue.&nbsp;&nbsp;A v\u00edtima da Zika, segundo o boletim, \u00e9 um [&hellip;]<\/p>\n","protected":false},"author":2,"featured_media":5652,"comment_status":"open","ping_status":"open","sticky":false,"template":"","format":"standard","meta":{"advanced_seo_description":"","jetpack_seo_html_title":"","jetpack_seo_noindex":false,"_jetpack_memberships_contains_paid_content":false,"footnotes":""},"categories":[50],"tags":[],"class_list":{"0":"post-5651","1":"post","2":"type-post","3":"status-publish","4":"format-standard","5":"has-post-thumbnail","7":"category-saude"},"jetpack_featured_media_url":"https:\/\/www.paranapraia.com.br\/wp-content\/uploads\/2019\/04\/zica.jpg","jetpack_sharing_enabled":true,"_links":{"self":[{"href":"https:\/\/www.paranapraia.com.br\/index.php\/wp-json\/wp\/v2\/posts\/5651"}],"collection":[{"href":"https:\/\/www.paranapraia.com.br\/index.php\/wp-json\/wp\/v2\/posts"}],"about":[{"href":"https:\/\/www.paranapraia.com.br\/index.php\/wp-json\/wp\/v2\/types\/post"}],"author":[{"embeddable":true,"href":"https:\/\/www.paranapraia.com.br\/index.php\/wp-json\/wp\/v2\/users\/2"}],"replies":[{"embeddable":true,"href":"https:\/\/www.paranapraia.com.br\/index.php\/wp-json\/wp\/v2\/comments?post=5651"}],"version-history":[{"count":1,"href":"https:\/\/www.paranapraia.com.br\/index.php\/wp-json\/wp\/v2\/posts\/5651\/revisions"}],"predecessor-version":[{"id":5653,"href":"https:\/\/www.paranapraia.com.br\/index.php\/wp-json\/wp\/v2\/posts\/5651\/revisions\/5653"}],"wp:featuredmedia":[{"embeddable":true,"href":"https:\/\/www.paranapraia.com.br\/index.php\/wp-json\/wp\/v2\/media\/5652"}],"wp:attachment":[{"href":"https:\/\/www.paranapraia.com.br\/index.php\/wp-json\/wp\/v2\/media?parent=5651"}],"wp:term":[{"taxonomy":"category","embeddable":true,"href":"https:\/\/www.paranapraia.com.br\/index.php\/wp-json\/wp\/v2\/categories?post=5651"},{"taxonomy":"post_tag","embeddable":true,"href":"https:\/\/www.paranapraia.com.br\/index.php\/wp-json\/wp\/v2\/tags?post=5651"}],"curies":[{"name":"wp","href":"https:\/\/api.w.org\/{rel}","templated":true}]}}