{"id":5624,"date":"2019-04-10T08:52:58","date_gmt":"2019-04-10T11:52:58","guid":{"rendered":"https:\/\/www.paranapraia.com.br\/?p=5624"},"modified":"2019-04-10T08:52:59","modified_gmt":"2019-04-10T11:52:59","slug":"barracao-de-empresa-de-madeiras-pega-fogo-na-br-116-e-mobiliza-bombeiros","status":"publish","type":"post","link":"https:\/\/www.paranapraia.com.br\/index.php\/2019\/04\/10\/barracao-de-empresa-de-madeiras-pega-fogo-na-br-116-e-mobiliza-bombeiros\/","title":{"rendered":"Barrac\u00e3o de empresa de madeiras pega fogo na BR-116 e mobiliza bombeiros"},"content":{"rendered":"\n<p>Um barrac\u00e3o para dep\u00f3sito de madeiras de uma empresa pegou fogo no fim da madrugada desta quarta-feira (9), \u00e0s margens da BR-116, em Colombo, na regi\u00e3o metropolitana de Curitiba. Ningu\u00e9m se feriu, mas houve preju\u00edzo material. Dois caminh\u00f5es de combate \u00e0 inc\u00eandio do Corpo de Bombeiros foram necess\u00e1rios para conter as chamas e a fuma\u00e7a.<\/p>\n\n\n\n<p>O dep\u00f3sito fica na marginal da rodovia, na pista sentido Colombo, pr\u00f3ximo ao trevo do&nbsp;Parque da Ci\u00eancia Newton Freire Maia. A empresa trabalha com pisos laminados e rodap\u00e9s. O funcion\u00e1rio de um hotel pr\u00f3ximo contou que ele e o outros colegas notaram muita fuma\u00e7a saindo do dep\u00f3sito. \u201cEst\u00e1vamos sentido um cheiro de queimado, viemos aqui e notamos que estava pegando fogo, tinha muita fuma\u00e7a. Chamamos os bombeiros, urgente\u201d, disse Ademir Augustinho, em entrevista \u00e0 Banda B.<\/p>\n\n\n\n<p>Depois da chegada do Corpo de Bombeiros, o fogo foi contido em menos de quinze minutos. Foram acionados dois caminh\u00f5es ABTR\u00a0e uma viatura do oficial de socorro de Colombo. Dez bombeiros participaram da a\u00e7\u00e3o. Ningu\u00e9m ficou ferido e a causa do inc\u00eandio, de maneira preliminar, se originou na\u00a0caixa de serragem, segundo o tenente Gu\u00e9rius.<\/p>\n\n\n\n<p>BandaB<\/p>\n","protected":false},"excerpt":{"rendered":"<p>Um barrac\u00e3o para dep\u00f3sito de madeiras de uma empresa pegou fogo no fim da madrugada desta quarta-feira (9), \u00e0s margens da BR-116, em Colombo, na regi\u00e3o metropolitana de Curitiba. Ningu\u00e9m se feriu, mas houve preju\u00edzo material. Dois caminh\u00f5es de combate \u00e0 inc\u00eandio do Corpo de Bombeiros foram necess\u00e1rios para conter as chamas e a fuma\u00e7a. [&hellip;]<\/p>\n","protected":false},"author":2,"featured_media":5625,"comment_status":"open","ping_status":"open","sticky":false,"template":"","format":"standard","meta":{"advanced_seo_description":"","jetpack_seo_html_title":"","jetpack_seo_noindex":false,"_jetpack_memberships_contains_paid_content":false,"footnotes":""},"categories":[52],"tags":[],"class_list":{"0":"post-5624","1":"post","2":"type-post","3":"status-publish","4":"format-standard","5":"has-post-thumbnail","7":"category-acidentes"},"jetpack_featured_media_url":"https:\/\/www.paranapraia.com.br\/wp-content\/uploads\/2019\/04\/bonbei.jpg","jetpack_sharing_enabled":true,"_links":{"self":[{"href":"https:\/\/www.paranapraia.com.br\/index.php\/wp-json\/wp\/v2\/posts\/5624"}],"collection":[{"href":"https:\/\/www.paranapraia.com.br\/index.php\/wp-json\/wp\/v2\/posts"}],"about":[{"href":"https:\/\/www.paranapraia.com.br\/index.php\/wp-json\/wp\/v2\/types\/post"}],"author":[{"embeddable":true,"href":"https:\/\/www.paranapraia.com.br\/index.php\/wp-json\/wp\/v2\/users\/2"}],"replies":[{"embeddable":true,"href":"https:\/\/www.paranapraia.com.br\/index.php\/wp-json\/wp\/v2\/comments?post=5624"}],"version-history":[{"count":1,"href":"https:\/\/www.paranapraia.com.br\/index.php\/wp-json\/wp\/v2\/posts\/5624\/revisions"}],"predecessor-version":[{"id":5626,"href":"https:\/\/www.paranapraia.com.br\/index.php\/wp-json\/wp\/v2\/posts\/5624\/revisions\/5626"}],"wp:featuredmedia":[{"embeddable":true,"href":"https:\/\/www.paranapraia.com.br\/index.php\/wp-json\/wp\/v2\/media\/5625"}],"wp:attachment":[{"href":"https:\/\/www.paranapraia.com.br\/index.php\/wp-json\/wp\/v2\/media?parent=5624"}],"wp:term":[{"taxonomy":"category","embeddable":true,"href":"https:\/\/www.paranapraia.com.br\/index.php\/wp-json\/wp\/v2\/categories?post=5624"},{"taxonomy":"post_tag","embeddable":true,"href":"https:\/\/www.paranapraia.com.br\/index.php\/wp-json\/wp\/v2\/tags?post=5624"}],"curies":[{"name":"wp","href":"https:\/\/api.w.org\/{rel}","templated":true}]}}