{"id":5613,"date":"2019-04-10T08:43:12","date_gmt":"2019-04-10T11:43:12","guid":{"rendered":"https:\/\/www.paranapraia.com.br\/?p=5613"},"modified":"2019-04-10T08:43:13","modified_gmt":"2019-04-10T11:43:13","slug":"caso-de-curitibana-com-doenca-rara-desperta-atencao-da-imprensa-internacional","status":"publish","type":"post","link":"https:\/\/www.paranapraia.com.br\/index.php\/2019\/04\/10\/caso-de-curitibana-com-doenca-rara-desperta-atencao-da-imprensa-internacional\/","title":{"rendered":"Caso de curitibana com doen\u00e7a rara desperta aten\u00e7\u00e3o da imprensa internacional"},"content":{"rendered":"\n<p> Lembra da\u00a0<strong>Karina Rondini<\/strong>? A jovem curitibana de 28 anos, portadora de\u00a0<strong>neurofibromatose<\/strong>\u00a0que,\u00a0cansada de sofrer, resolveu expor sua hist\u00f3ria nas redes sociais?\u00a0Pois ent\u00e3o. H\u00e1 algumas semanas a hist\u00f3ria de Karina foi noticiada por uma emissora de televis\u00e3o brit\u00e2nica e ganhou grande visibilidade ap\u00f3s a coragem da jovem em expor seu corpo, n\u00e3o apenas nas redes sociais, mas para o mundo todo. Agora, diante da grande publicidade que ganhou, Karina espera chamar ainda mais aten\u00e7\u00e3o de m\u00e9dicos e autoridades de sa\u00fade, dispostos a ajud\u00e1-la. <\/p>\n\n\n\n<p>Portadora de uma doen\u00e7a gen\u00e9tica sem cura, de aspecto semelhante \u00e0 \u201celefant\u00edase\u201d, Karina aprendeu a encarar as cirurgias como parte de sua vida. Ao todo, a jovem j\u00e1 passou por 12 procedimentos cir\u00fargicos reparadores que em nada resolveram seu problema, j\u00e1 que, depois de cada opera\u00e7\u00e3o, os enormes tumores em suas pernas \u2013 caracter\u00edsticos da doen\u00e7a \u2013 voltavam a crescer dentro de poucos meses. Depois de tanto sofrer sem respostas e sem resultados efetivos, Karina recorreu \u00e0s redes sociais como \u00faltimo recurso na busca de ajuda e tamb\u00e9m como forma de chamar a aten\u00e7\u00e3o de m\u00e9dicos e autoridades de sa\u00fade dispostos a ajud\u00e1-la.<\/p>\n\n\n\n<p>Localizados nas laterais das pernas, os abcessos t\u00edpicos entre portadores da doen\u00e7a \u2013 t\u00eam quase o dobro do tamanho de seus membros, provocando n\u00e3o apenas dificuldade de locomo\u00e7\u00e3o como tamb\u00e9m dores terr\u00edveis por conta da compress\u00e3o lombar decorrente do peso dos tumores. Disposta a vencer a vergonha, Karina juntou a coragem necess\u00e1ria e compartilhou um v\u00eddeo curto, na Internet, no qual aparece em frente ao espelho mostrando seu corpo. O material rapidamente viralizou e, poucos dias ap\u00f3s o compartilhamento, a Tribuna do Paran\u00e1 publicou a hist\u00f3ria de jovem.<\/p>\n\n\n\n<figure class=\"wp-block-image\"><img decoding=\"async\" src=\"https:\/\/www.tribunapr.com.br\/cacadores-de-noticias\/wp-content\/uploads\/sites\/2\/2019\/01\/KARINA-Neurofibrimatose-2.jpg\" alt=\"Foto: Felipe Rosa\/Tribuna do Paran\u00e1\" class=\"wp-image-27322\"\/><\/figure>\n\n\n\n<p>Foto: Felipe Rosa\/Tribuna do Paran\u00e1<\/p>\n\n\n\n<p>Quem pensava que tudo terminaria por aqui, no entanto, se engana. Procurada h\u00e1 algumas semanas pela emissora Barcroft TV, da Inglaterra, Karina recebeu as equipes de reportagem em sua casa, onde contou mais detalhes de sua hist\u00f3ria. No total, o relato de Karina j\u00e1 foi assistido por mais de 6 milh\u00f5es de pessoas. \u201cEstou feliz pelo fato das pessoas estarem tendo mais consci\u00eancia a respeito dessa doen\u00e7a e tamb\u00e9m por toda a ajuda que recebi depois das divulga\u00e7\u00f5es\u201d, afirmou a jovem, que espera encontrar um m\u00e9dico que realize a retirada dos tumores na menor quantidade poss\u00edvel de procedimentos. \u201cTodos dizem a mesma coisa, no entanto. Que ser\u00e1 necess\u00e1rio fazer em etapas por conta dos riscos\u201d, lamenta.<\/p>\n\n\n\n<p>TribunaPR<\/p>\n","protected":false},"excerpt":{"rendered":"<p>Lembra da\u00a0Karina Rondini? A jovem curitibana de 28 anos, portadora de\u00a0neurofibromatose\u00a0que,\u00a0cansada de sofrer, resolveu expor sua hist\u00f3ria nas redes sociais?\u00a0Pois ent\u00e3o. H\u00e1 algumas semanas a hist\u00f3ria de Karina foi noticiada por uma emissora de televis\u00e3o brit\u00e2nica e ganhou grande visibilidade ap\u00f3s a coragem da jovem em expor seu corpo, n\u00e3o apenas nas redes sociais, mas [&hellip;]<\/p>\n","protected":false},"author":2,"featured_media":5614,"comment_status":"open","ping_status":"open","sticky":false,"template":"","format":"standard","meta":{"advanced_seo_description":"","jetpack_seo_html_title":"","jetpack_seo_noindex":false,"_jetpack_memberships_contains_paid_content":false,"footnotes":""},"categories":[50],"tags":[],"class_list":{"0":"post-5613","1":"post","2":"type-post","3":"status-publish","4":"format-standard","5":"has-post-thumbnail","7":"category-saude"},"jetpack_featured_media_url":"https:\/\/www.paranapraia.com.br\/wp-content\/uploads\/2019\/04\/corpo.jpg","jetpack_sharing_enabled":true,"_links":{"self":[{"href":"https:\/\/www.paranapraia.com.br\/index.php\/wp-json\/wp\/v2\/posts\/5613"}],"collection":[{"href":"https:\/\/www.paranapraia.com.br\/index.php\/wp-json\/wp\/v2\/posts"}],"about":[{"href":"https:\/\/www.paranapraia.com.br\/index.php\/wp-json\/wp\/v2\/types\/post"}],"author":[{"embeddable":true,"href":"https:\/\/www.paranapraia.com.br\/index.php\/wp-json\/wp\/v2\/users\/2"}],"replies":[{"embeddable":true,"href":"https:\/\/www.paranapraia.com.br\/index.php\/wp-json\/wp\/v2\/comments?post=5613"}],"version-history":[{"count":1,"href":"https:\/\/www.paranapraia.com.br\/index.php\/wp-json\/wp\/v2\/posts\/5613\/revisions"}],"predecessor-version":[{"id":5615,"href":"https:\/\/www.paranapraia.com.br\/index.php\/wp-json\/wp\/v2\/posts\/5613\/revisions\/5615"}],"wp:featuredmedia":[{"embeddable":true,"href":"https:\/\/www.paranapraia.com.br\/index.php\/wp-json\/wp\/v2\/media\/5614"}],"wp:attachment":[{"href":"https:\/\/www.paranapraia.com.br\/index.php\/wp-json\/wp\/v2\/media?parent=5613"}],"wp:term":[{"taxonomy":"category","embeddable":true,"href":"https:\/\/www.paranapraia.com.br\/index.php\/wp-json\/wp\/v2\/categories?post=5613"},{"taxonomy":"post_tag","embeddable":true,"href":"https:\/\/www.paranapraia.com.br\/index.php\/wp-json\/wp\/v2\/tags?post=5613"}],"curies":[{"name":"wp","href":"https:\/\/api.w.org\/{rel}","templated":true}]}}