{"id":5601,"date":"2019-04-10T08:37:13","date_gmt":"2019-04-10T11:37:13","guid":{"rendered":"https:\/\/www.paranapraia.com.br\/?p=5601"},"modified":"2019-04-10T08:37:15","modified_gmt":"2019-04-10T11:37:15","slug":"deputado-acusa-lider-do-psl-de-portar-arma-no-plenario-e-ccj-interrompe-sessao","status":"publish","type":"post","link":"https:\/\/www.paranapraia.com.br\/index.php\/2019\/04\/10\/deputado-acusa-lider-do-psl-de-portar-arma-no-plenario-e-ccj-interrompe-sessao\/","title":{"rendered":"Deputado acusa l\u00edder do PSL de portar arma no plen\u00e1rio e CCJ interrompe sess\u00e3o"},"content":{"rendered":"\n<h4 class=\"wp-block-heading\">&#8220;Isto aqui n\u00e3o \u00e9 rinha de galo&#8221;, exclamou o presidente da CCJ, Felipe Francischini (PSL), ap\u00f3s a confus\u00e3o<\/h4>\n\n\n\n<p>Uma confus\u00e3o suspendeu a sess\u00e3o da&nbsp;<strong>CCJ (Comiss\u00e3o de Constitui\u00e7\u00e3o e Justi\u00e7a)<\/strong>&nbsp;da C\u00e2mara em que deve ser lido o parecer do relator da&nbsp;<strong>reforma da Previd\u00eancia,<\/strong>&nbsp;nesta ter\u00e7a-feira (9).<\/p>\n\n\n\n<p>O deputado\u00a0<strong>Delegado Waldir (PSL-GO)<\/strong>, l\u00edder do partido de<strong>\u00a0Jair Bolsonaro<\/strong>\u00a0na Casa, foi acusado pelo deputado Eduardo Bismarck (PDT-CE) de estar armado em plen\u00e1rio.<\/p>\n\n\n\n<p>Ap\u00f3s a confus\u00e3o, Waldir mostrou a jornalistas o coldre vazio. No entanto, Bismarck acusa o l\u00edder do PSL de ter passado a arma para outra pessoa no meio do tumulto.<\/p>\n\n\n\n<p>O pedetista chegou a ficar em p\u00e9 nas cadeiras da comiss\u00e3o e pediu ao presidente do colegiado, Felipe Francischini (PSL-PR) que fechasse as portas para n\u00e3o deixar ningu\u00e9m entrar ou sair.<\/p>\n\n\n\n<p>A sess\u00e3o foi suspensa por alguns minutos e Francischini chamou os coordenadores de bancada para sua sala.<\/p>\n\n\n\n<p>\u201cIsto aqui n\u00e3o \u00e9 rinha de galo\u201d, exclamou o deputado, tentando sem sucesso conter a confus\u00e3o.<\/p>\n\n\n\n<p>O tumulto come\u00e7ou depois que o presidente decidiu proceder \u00e0 leitura do relat\u00f3rio. A oposi\u00e7\u00e3o tentava apresentar quest\u00f5es de ordem para protelar o in\u00edcio da apresenta\u00e7\u00e3o, e foi \u00e0 mesa de Francischini apelar para que ela n\u00e3o fosse iniciada.<\/p>\n\n\n\n<p>O clima na CCJ \u00e9 de tens\u00e3o desde o in\u00edcio da sess\u00e3o, com os deputados de oposi\u00e7\u00e3o apresentando sucessivos requerimentos para tentar adiar o processo.<\/p>\n\n\n\n<p>A expectativa \u00e9 que o deputado Marcelo Freitas (PSL-MG) leia nesta ter\u00e7a um parecer pela admissibilidade total da PEC da reforma da Previd\u00eancia.<\/p>\n\n\n\n<p>Depois, \u00e9 esperado que haja pedido de vista. Assim, nova discuss\u00e3o sobre a PEC s\u00f3 deve ser retomada na pr\u00f3xima semana. O governo espera votar o processo na pr\u00f3xima quarta-feira (17).<\/p>\n\n\n\n<p>BandaB<\/p>\n","protected":false},"excerpt":{"rendered":"<p>&#8220;Isto aqui n\u00e3o \u00e9 rinha de galo&#8221;, exclamou o presidente da CCJ, Felipe Francischini (PSL), ap\u00f3s a confus\u00e3o Uma confus\u00e3o suspendeu a sess\u00e3o da&nbsp;CCJ (Comiss\u00e3o de Constitui\u00e7\u00e3o e Justi\u00e7a)&nbsp;da C\u00e2mara em que deve ser lido o parecer do relator da&nbsp;reforma da Previd\u00eancia,&nbsp;nesta ter\u00e7a-feira (9). O deputado\u00a0Delegado Waldir (PSL-GO), l\u00edder do partido de\u00a0Jair Bolsonaro\u00a0na Casa, foi [&hellip;]<\/p>\n","protected":false},"author":2,"featured_media":5602,"comment_status":"open","ping_status":"open","sticky":false,"template":"","format":"standard","meta":{"advanced_seo_description":"","jetpack_seo_html_title":"","jetpack_seo_noindex":false,"_jetpack_memberships_contains_paid_content":false,"footnotes":""},"categories":[32],"tags":[],"class_list":{"0":"post-5601","1":"post","2":"type-post","3":"status-publish","4":"format-standard","5":"has-post-thumbnail","7":"category-politica"},"jetpack_featured_media_url":"https:\/\/www.paranapraia.com.br\/wp-content\/uploads\/2019\/04\/dep.jpg","jetpack_sharing_enabled":true,"_links":{"self":[{"href":"https:\/\/www.paranapraia.com.br\/index.php\/wp-json\/wp\/v2\/posts\/5601"}],"collection":[{"href":"https:\/\/www.paranapraia.com.br\/index.php\/wp-json\/wp\/v2\/posts"}],"about":[{"href":"https:\/\/www.paranapraia.com.br\/index.php\/wp-json\/wp\/v2\/types\/post"}],"author":[{"embeddable":true,"href":"https:\/\/www.paranapraia.com.br\/index.php\/wp-json\/wp\/v2\/users\/2"}],"replies":[{"embeddable":true,"href":"https:\/\/www.paranapraia.com.br\/index.php\/wp-json\/wp\/v2\/comments?post=5601"}],"version-history":[{"count":1,"href":"https:\/\/www.paranapraia.com.br\/index.php\/wp-json\/wp\/v2\/posts\/5601\/revisions"}],"predecessor-version":[{"id":5603,"href":"https:\/\/www.paranapraia.com.br\/index.php\/wp-json\/wp\/v2\/posts\/5601\/revisions\/5603"}],"wp:featuredmedia":[{"embeddable":true,"href":"https:\/\/www.paranapraia.com.br\/index.php\/wp-json\/wp\/v2\/media\/5602"}],"wp:attachment":[{"href":"https:\/\/www.paranapraia.com.br\/index.php\/wp-json\/wp\/v2\/media?parent=5601"}],"wp:term":[{"taxonomy":"category","embeddable":true,"href":"https:\/\/www.paranapraia.com.br\/index.php\/wp-json\/wp\/v2\/categories?post=5601"},{"taxonomy":"post_tag","embeddable":true,"href":"https:\/\/www.paranapraia.com.br\/index.php\/wp-json\/wp\/v2\/tags?post=5601"}],"curies":[{"name":"wp","href":"https:\/\/api.w.org\/{rel}","templated":true}]}}