{"id":5573,"date":"2019-04-10T08:20:41","date_gmt":"2019-04-10T11:20:41","guid":{"rendered":"https:\/\/www.paranapraia.com.br\/?p=5573"},"modified":"2019-04-10T08:20:42","modified_gmt":"2019-04-10T11:20:42","slug":"saude-pretende-vacinar-mais-de-3-milhoes-de-pessoas-contra-a-gripe-em-todo-o-parana-campanha-comeca-nesta-quarta-10","status":"publish","type":"post","link":"https:\/\/www.paranapraia.com.br\/index.php\/2019\/04\/10\/saude-pretende-vacinar-mais-de-3-milhoes-de-pessoas-contra-a-gripe-em-todo-o-parana-campanha-comeca-nesta-quarta-10\/","title":{"rendered":"Sa\u00fade pretende vacinar mais de 3 milh\u00f5es de pessoas contra a gripe em todo o Paran\u00e1; campanha come\u00e7a nesta quarta (10)"},"content":{"rendered":"\n<h4 class=\"wp-block-heading\">Campanha \u00e9 nacional e neste ano ser\u00e1 administrada em duas etapas; saiba quem tem direito \u00e0 dose.<\/h4>\n\n\n\n<p>A campanha de vacina\u00e7\u00e3o contra a gripe come\u00e7a nesta quarta-feira (10) em todo o Paran\u00e1. O objetivo, conforme a Secretaria de Estado da Sa\u00fade (Sesa), \u00e9 imunizar pelo menos 90% do p\u00fablico-alvo, que corresponde a 3,3 milh\u00f5es de pessoas.<\/p>\n\n\n\n<p><a href=\"https:\/\/g1.globo.com\/ciencia-e-saude\/noticia\/2019\/04\/04\/campanha-nacional-de-vacinacao-contra-gripe-comeca-em-10-de-abril.ghtml\">A campanha \u00e9 nacional&nbsp;<\/a>e neste ano ser\u00e1 administrada em duas etapas. A primeira ser\u00e1 realizada entre quarta e 19 de abril e ter\u00e1 como prioridade gestantes e crian\u00e7as de 6 meses at\u00e9 5 anos e onze meses, al\u00e9m de pu\u00e9rperas (m\u00e3es de rec\u00e9m-nascidos de at\u00e9 45 dias) e povos ind\u00edgenas.<\/p>\n\n\n\n<p>A segunda etapa ser\u00e1 a partir do dia 22 de abril, quando ser\u00e3o vacinados todos os demais grupos do p\u00fablico priorit\u00e1rio estabelecido pelo Minist\u00e9rio da Sa\u00fade.&nbsp;<em>Veja a lista abaixo.<\/em><\/p>\n\n\n\n<p>Em todo o estado, as vacinas ser\u00e3o aplicadas de segunda \u00e0 sexta-feira, no hor\u00e1rio de atendimento das unidades b\u00e1sicas de sa\u00fade. Em Curitiba, s\u00e3o 110 unidades em diferentes bairros.<\/p>\n\n\n\n<p>Conforme a Sesa, o agente imunizante da vacina contra o Influenza leva em torno de dez dias para fazer efeito. Nesse per\u00edodo, h\u00e1 uma janela para outras ocorr\u00eancias, como um outro v\u00edrus, j\u00e1 incubado no indiv\u00edduo, se manifestar, causando sintomas de gripe.<\/p>\n\n\n\n<h2 class=\"wp-block-heading\">Quem pode tomar a vacina<\/h2>\n\n\n\n<ul class=\"wp-block-list\"><li>Pessoas maiores de 60 anos;<\/li><li>Profissionais da sa\u00fade;<\/li><li>Pessoas com doen\u00e7as cr\u00f4nicas n\u00e3o transmiss\u00edveis ou outras condi\u00e7\u00f5es cl\u00ednicas especiais (exemplo: diabetes, doen\u00e7as card\u00edacas e respirat\u00f3rias, dist\u00farbios que comprometem a imunidade, como o c\u00e2ncer, e outras);<\/li><li>Popula\u00e7\u00e3o ind\u00edgena;<\/li><li>Pessoas privadas de liberdade;<\/li><li>Professores da rede p\u00fablica e privada;<\/li><li>-Trabalhadores do sistema prisional;<\/li><li>Adolescentes e jovens de 12 a 21 anos de idade sob medidas socioeducativas.<\/li><\/ul>\n\n\n\n<p>G1PR<\/p>\n","protected":false},"excerpt":{"rendered":"<p>Campanha \u00e9 nacional e neste ano ser\u00e1 administrada em duas etapas; saiba quem tem direito \u00e0 dose. A campanha de vacina\u00e7\u00e3o contra a gripe come\u00e7a nesta quarta-feira (10) em todo o Paran\u00e1. O objetivo, conforme a Secretaria de Estado da Sa\u00fade (Sesa), \u00e9 imunizar pelo menos 90% do p\u00fablico-alvo, que corresponde a 3,3 milh\u00f5es de [&hellip;]<\/p>\n","protected":false},"author":2,"featured_media":5574,"comment_status":"open","ping_status":"open","sticky":false,"template":"","format":"standard","meta":{"advanced_seo_description":"","jetpack_seo_html_title":"","jetpack_seo_noindex":false,"_jetpack_memberships_contains_paid_content":false,"footnotes":""},"categories":[50],"tags":[],"class_list":{"0":"post-5573","1":"post","2":"type-post","3":"status-publish","4":"format-standard","5":"has-post-thumbnail","7":"category-saude"},"jetpack_featured_media_url":"https:\/\/www.paranapraia.com.br\/wp-content\/uploads\/2019\/04\/vac-1.jpg","jetpack_sharing_enabled":true,"_links":{"self":[{"href":"https:\/\/www.paranapraia.com.br\/index.php\/wp-json\/wp\/v2\/posts\/5573"}],"collection":[{"href":"https:\/\/www.paranapraia.com.br\/index.php\/wp-json\/wp\/v2\/posts"}],"about":[{"href":"https:\/\/www.paranapraia.com.br\/index.php\/wp-json\/wp\/v2\/types\/post"}],"author":[{"embeddable":true,"href":"https:\/\/www.paranapraia.com.br\/index.php\/wp-json\/wp\/v2\/users\/2"}],"replies":[{"embeddable":true,"href":"https:\/\/www.paranapraia.com.br\/index.php\/wp-json\/wp\/v2\/comments?post=5573"}],"version-history":[{"count":1,"href":"https:\/\/www.paranapraia.com.br\/index.php\/wp-json\/wp\/v2\/posts\/5573\/revisions"}],"predecessor-version":[{"id":5575,"href":"https:\/\/www.paranapraia.com.br\/index.php\/wp-json\/wp\/v2\/posts\/5573\/revisions\/5575"}],"wp:featuredmedia":[{"embeddable":true,"href":"https:\/\/www.paranapraia.com.br\/index.php\/wp-json\/wp\/v2\/media\/5574"}],"wp:attachment":[{"href":"https:\/\/www.paranapraia.com.br\/index.php\/wp-json\/wp\/v2\/media?parent=5573"}],"wp:term":[{"taxonomy":"category","embeddable":true,"href":"https:\/\/www.paranapraia.com.br\/index.php\/wp-json\/wp\/v2\/categories?post=5573"},{"taxonomy":"post_tag","embeddable":true,"href":"https:\/\/www.paranapraia.com.br\/index.php\/wp-json\/wp\/v2\/tags?post=5573"}],"curies":[{"name":"wp","href":"https:\/\/api.w.org\/{rel}","templated":true}]}}