{"id":55561,"date":"2023-11-17T14:03:35","date_gmt":"2023-11-17T17:03:35","guid":{"rendered":"https:\/\/www.paranapraia.com.br\/?p=55561"},"modified":"2023-11-17T14:03:36","modified_gmt":"2023-11-17T17:03:36","slug":"luto-morre-amilton-aquim-lenda-do-radio-paranaense","status":"publish","type":"post","link":"https:\/\/www.paranapraia.com.br\/index.php\/2023\/11\/17\/luto-morre-amilton-aquim-lenda-do-radio-paranaense\/","title":{"rendered":"Luto: Morre Amilton Aquim, lenda do r\u00e1dio paranaense"},"content":{"rendered":"\n<p>O radialista Amilton Aquim, nascido em Paranagu\u00e1, faleceu hoje, sexta-feira 17, aos 85 anos. Conhecido comentarista esportivo, Amilton era o 001 da Associa\u00e7\u00e3o dos Cronistas Esportivos do estado (ACEP). Aquim apresentou programas de grande sucesso na R\u00e1dio Difusora de Paranagu\u00e1, onde atuou por muitos anos.<\/p>\n\n\n\n<p>Entre os programas que comandou destaca-se o Sala de Visitas e o Coisas Nossas. Aquim trabalhou em outras emissoras do litoral e foi correspondente de v\u00e1rios ve\u00edculos de comunica\u00e7\u00e3o na capital do estado. Amilton estava internado em UTI \u2013 Unidade de Terapia Intensiva, em um hospital de S\u00e3o Jos\u00e9 dos Pinhais.<\/p>\n\n\n\n<figure class=\"wp-block-image size-full\"><img loading=\"lazy\" decoding=\"async\" width=\"790\" height=\"574\" src=\"https:\/\/www.paranapraia.com.br\/wp-content\/uploads\/2023\/11\/23a5653ea0c5e8aa2018aeb7bfe4e8f7-01.jpg\" alt=\"\" class=\"wp-image-55563\" srcset=\"https:\/\/www.paranapraia.com.br\/wp-content\/uploads\/2023\/11\/23a5653ea0c5e8aa2018aeb7bfe4e8f7-01.jpg 790w, https:\/\/www.paranapraia.com.br\/wp-content\/uploads\/2023\/11\/23a5653ea0c5e8aa2018aeb7bfe4e8f7-01-300x218.jpg 300w, https:\/\/www.paranapraia.com.br\/wp-content\/uploads\/2023\/11\/23a5653ea0c5e8aa2018aeb7bfe4e8f7-01-768x558.jpg 768w, https:\/\/www.paranapraia.com.br\/wp-content\/uploads\/2023\/11\/23a5653ea0c5e8aa2018aeb7bfe4e8f7-01-324x235.jpg 324w, https:\/\/www.paranapraia.com.br\/wp-content\/uploads\/2023\/11\/23a5653ea0c5e8aa2018aeb7bfe4e8f7-01-696x506.jpg 696w, https:\/\/www.paranapraia.com.br\/wp-content\/uploads\/2023\/11\/23a5653ea0c5e8aa2018aeb7bfe4e8f7-01-578x420.jpg 578w\" sizes=\"(max-width: 790px) 100vw, 790px\" \/><\/figure>\n\n\n\n<p>O corpo do radialista ser\u00e1 velado no Plen\u00e1rio do Pal\u00e1cio Carij\u00f3, sede do poder legislativa, \u00e0 partir das 18h. O sepultamento est\u00e1 marcado para \u00e0s 11h, do s\u00e1bado, 18, no Cemit\u00e9rio Nossa Senhora do Carmo. <\/p>\n\n\n\n<p>Ilha do Mel FM\/Fotos: R\u00e1dio Difusora<\/p>\n","protected":false},"excerpt":{"rendered":"<p>O radialista Amilton Aquim, nascido em Paranagu\u00e1, faleceu hoje, sexta-feira 17, aos 85 anos. Conhecido comentarista esportivo, Amilton era o 001 da Associa\u00e7\u00e3o dos Cronistas Esportivos do estado (ACEP). Aquim apresentou programas de grande sucesso na R\u00e1dio Difusora de Paranagu\u00e1, onde atuou por muitos anos. Entre os programas que comandou destaca-se o Sala de Visitas [&hellip;]<\/p>\n","protected":false},"author":2,"featured_media":55562,"comment_status":"open","ping_status":"open","sticky":false,"template":"","format":"standard","meta":{"advanced_seo_description":"","jetpack_seo_html_title":"","jetpack_seo_noindex":false,"_jetpack_memberships_contains_paid_content":false,"footnotes":""},"categories":[101],"tags":[589,590,588,591],"class_list":{"0":"post-55561","1":"post","2":"type-post","3":"status-publish","4":"format-standard","5":"has-post-thumbnail","7":"category-luto","8":"tag-amilton","9":"tag-aquim","10":"tag-luto","11":"tag-radio"},"jetpack_featured_media_url":"https:\/\/www.paranapraia.com.br\/wp-content\/uploads\/2023\/11\/WhatsApp-Image-2023-11-17-at-13.07.38-750x375-1.jpg","jetpack_sharing_enabled":true,"_links":{"self":[{"href":"https:\/\/www.paranapraia.com.br\/index.php\/wp-json\/wp\/v2\/posts\/55561"}],"collection":[{"href":"https:\/\/www.paranapraia.com.br\/index.php\/wp-json\/wp\/v2\/posts"}],"about":[{"href":"https:\/\/www.paranapraia.com.br\/index.php\/wp-json\/wp\/v2\/types\/post"}],"author":[{"embeddable":true,"href":"https:\/\/www.paranapraia.com.br\/index.php\/wp-json\/wp\/v2\/users\/2"}],"replies":[{"embeddable":true,"href":"https:\/\/www.paranapraia.com.br\/index.php\/wp-json\/wp\/v2\/comments?post=55561"}],"version-history":[{"count":1,"href":"https:\/\/www.paranapraia.com.br\/index.php\/wp-json\/wp\/v2\/posts\/55561\/revisions"}],"predecessor-version":[{"id":55564,"href":"https:\/\/www.paranapraia.com.br\/index.php\/wp-json\/wp\/v2\/posts\/55561\/revisions\/55564"}],"wp:featuredmedia":[{"embeddable":true,"href":"https:\/\/www.paranapraia.com.br\/index.php\/wp-json\/wp\/v2\/media\/55562"}],"wp:attachment":[{"href":"https:\/\/www.paranapraia.com.br\/index.php\/wp-json\/wp\/v2\/media?parent=55561"}],"wp:term":[{"taxonomy":"category","embeddable":true,"href":"https:\/\/www.paranapraia.com.br\/index.php\/wp-json\/wp\/v2\/categories?post=55561"},{"taxonomy":"post_tag","embeddable":true,"href":"https:\/\/www.paranapraia.com.br\/index.php\/wp-json\/wp\/v2\/tags?post=55561"}],"curies":[{"name":"wp","href":"https:\/\/api.w.org\/{rel}","templated":true}]}}