{"id":55427,"date":"2023-11-14T10:40:34","date_gmt":"2023-11-14T13:40:34","guid":{"rendered":"https:\/\/www.paranapraia.com.br\/?p=55427"},"modified":"2023-11-14T10:40:37","modified_gmt":"2023-11-14T13:40:37","slug":"secretaria-da-saude-reforca-a-importancia-da-prevencao-e-controle-do-diabetes","status":"publish","type":"post","link":"https:\/\/www.paranapraia.com.br\/index.php\/2023\/11\/14\/secretaria-da-saude-reforca-a-importancia-da-prevencao-e-controle-do-diabetes\/","title":{"rendered":"Secretaria da Sa\u00fade refor\u00e7a a import\u00e2ncia da preven\u00e7\u00e3o e controle do diabetes"},"content":{"rendered":"\n<p>Nesta ter\u00e7a-feira, 14 de novembro, Dia Mundial do Diabetes Mellitus, a Secretaria de Estado da Sa\u00fade (Sesa) chama a aten\u00e7\u00e3o dos paranaenses para a import\u00e2ncia de prevenir e controlar a doen\u00e7a, que n\u00e3o escolhe idade para ocorrer. O tema adotado para as campanhas no per\u00edodo de 2021 a 2023 \u00e9 \u201cAcesso aos Cuidados do Diabetes\u201d.<\/p>\n\n\n\n<p>O Diabetes Mellitus (DM) \u00e9 causado pela produ\u00e7\u00e3o insuficiente ou resist\u00eancia \u00e0 a\u00e7\u00e3o da insulina, horm\u00f4nio produzido pelo p\u00e2ncreas e respons\u00e1vel por metabolizar a glicose transformando-a em energia para a manuten\u00e7\u00e3o do funcionamento do nosso corpo.Isso provoca altas taxas de a\u00e7\u00facar no sangue (hiperglicemia) de forma permanente. Esse aumento dos n\u00edveis de glicemia pode levar a complica\u00e7\u00f5es no cora\u00e7\u00e3o, nas art\u00e9rias, nos olhos, nos rins e nos nervos.<\/p>\n\n\n\n<p>DADOS &#8211; No Brasil, de acordo a Pesquisa Nacional de Sa\u00fade (PNS) de 2019 \u2013 a mais recente divulgada pelo Minist\u00e9rio da Sa\u00fade \u2013 o Diabetes Mellitus atinge 7,7% dos brasileiros entrevistados, sendo mais frequente entre as mulheres (8,4%) do que nos homens (6,9%).<\/p>\n\n\n\n<p> A incid\u00eancia tende a ser maior com o aumento da idade, com 19,9% entre pessoas com 60 a 74 anos e 21,1% entre indiv\u00edduos com 75 anos ou mais.No Paran\u00e1 essa preval\u00eancia em pessoas com idade superior a 18 anos passou de 5,8%, em 2013, para 7,7% em 2019, segundo os dados da PNS. <\/p>\n\n\n\n<p>O que significa que em torno de 881 mil paranaenses apresentam o diagn\u00f3stico da doen\u00e7a.Diversas situa\u00e7\u00f5es e condi\u00e7\u00f5es podem desencadear o diabetes \u2013 a maioria dos casos \u00e9 classificada em Diabetes Tipo 1, Diabetes Tipo 2 e Diabetes Gestacional. A identifica\u00e7\u00e3o do tipo \u00e9 fundamental para o tratamento adequado.<\/p>\n\n\n\n<p>AEN<\/p>\n","protected":false},"excerpt":{"rendered":"<p>Nesta ter\u00e7a-feira, 14 de novembro, Dia Mundial do Diabetes Mellitus, a Secretaria de Estado da Sa\u00fade (Sesa) chama a aten\u00e7\u00e3o dos paranaenses para a import\u00e2ncia de prevenir e controlar a doen\u00e7a, que n\u00e3o escolhe idade para ocorrer. O tema adotado para as campanhas no per\u00edodo de 2021 a 2023 \u00e9 \u201cAcesso aos Cuidados do Diabetes\u201d. [&hellip;]<\/p>\n","protected":false},"author":2,"featured_media":55428,"comment_status":"open","ping_status":"open","sticky":false,"template":"","format":"standard","meta":{"advanced_seo_description":"","jetpack_seo_html_title":"","jetpack_seo_noindex":false,"_jetpack_memberships_contains_paid_content":false,"footnotes":""},"categories":[40],"tags":[],"class_list":{"0":"post-55427","1":"post","2":"type-post","3":"status-publish","4":"format-standard","5":"has-post-thumbnail","7":"category-destaques"},"jetpack_featured_media_url":"https:\/\/www.paranapraia.com.br\/wp-content\/uploads\/2023\/11\/dsc_6503-scaled.jpg","jetpack_sharing_enabled":true,"_links":{"self":[{"href":"https:\/\/www.paranapraia.com.br\/index.php\/wp-json\/wp\/v2\/posts\/55427"}],"collection":[{"href":"https:\/\/www.paranapraia.com.br\/index.php\/wp-json\/wp\/v2\/posts"}],"about":[{"href":"https:\/\/www.paranapraia.com.br\/index.php\/wp-json\/wp\/v2\/types\/post"}],"author":[{"embeddable":true,"href":"https:\/\/www.paranapraia.com.br\/index.php\/wp-json\/wp\/v2\/users\/2"}],"replies":[{"embeddable":true,"href":"https:\/\/www.paranapraia.com.br\/index.php\/wp-json\/wp\/v2\/comments?post=55427"}],"version-history":[{"count":1,"href":"https:\/\/www.paranapraia.com.br\/index.php\/wp-json\/wp\/v2\/posts\/55427\/revisions"}],"predecessor-version":[{"id":55429,"href":"https:\/\/www.paranapraia.com.br\/index.php\/wp-json\/wp\/v2\/posts\/55427\/revisions\/55429"}],"wp:featuredmedia":[{"embeddable":true,"href":"https:\/\/www.paranapraia.com.br\/index.php\/wp-json\/wp\/v2\/media\/55428"}],"wp:attachment":[{"href":"https:\/\/www.paranapraia.com.br\/index.php\/wp-json\/wp\/v2\/media?parent=55427"}],"wp:term":[{"taxonomy":"category","embeddable":true,"href":"https:\/\/www.paranapraia.com.br\/index.php\/wp-json\/wp\/v2\/categories?post=55427"},{"taxonomy":"post_tag","embeddable":true,"href":"https:\/\/www.paranapraia.com.br\/index.php\/wp-json\/wp\/v2\/tags?post=55427"}],"curies":[{"name":"wp","href":"https:\/\/api.w.org\/{rel}","templated":true}]}}