{"id":55415,"date":"2023-11-14T08:42:58","date_gmt":"2023-11-14T11:42:58","guid":{"rendered":"https:\/\/www.paranapraia.com.br\/?p=55415"},"modified":"2023-11-14T08:42:59","modified_gmt":"2023-11-14T11:42:59","slug":"mon-oferece-oficina-gratuita-de-fotografia-ministrada-por-educadores","status":"publish","type":"post","link":"https:\/\/www.paranapraia.com.br\/index.php\/2023\/11\/14\/mon-oferece-oficina-gratuita-de-fotografia-ministrada-por-educadores\/","title":{"rendered":"MON oferece oficina gratuita de fotografia ministrada por educadores"},"content":{"rendered":"\n<p>Neste m\u00eas de novembro, o Museu Oscar Niemeyer oferecer\u00e1 uma oficina gratuita de fotografia, ministrada pelos educadores do MON. Ser\u00e1 no dia 22, quarta-feira, das 14h \u00e0s 16h.<\/p>\n\n\n\n<p> A atividade \u00e9 recomendada para maiores de 7 anos. As inscri\u00e7\u00f5es ser\u00e3o liberadas 15 minutos antes e por ordem de chegada na fila, sujeitas \u00e0 lota\u00e7\u00e3o.A oficina vai propor aos participantes uma reflex\u00e3o sobre o movimento de seus corpos ao caminhar pelos espa\u00e7os externos e internos do Museu. <\/p>\n\n\n\n<p>A pr\u00f3pria arquitetura servir\u00e1 de inspira\u00e7\u00e3o para a atividade. Vale lembrar que nas quartas-feiras a entrada no MON \u00e9 gratuita para todos os p\u00fablicos. Basta retirar o ingresso na bilheteria f\u00edsica do Museu.<\/p>\n\n\n\n<p>SOBRE O MON &#8211; O Museu Oscar Niemeyer \u00e9 patrim\u00f4nio estatal vinculado \u00e0 Secretaria de Estado da Cultura. A institui\u00e7\u00e3o abriga referenciais importantes da produ\u00e7\u00e3o art\u00edstica nacional e internacional nas \u00e1reas de artes visuais, arquitetura e design, al\u00e9m de grandiosas cole\u00e7\u00f5es asi\u00e1tica e africana. <\/p>\n\n\n\n<p>No total, o acervo conta com aproximadamente 14 mil obras de arte, abrigadas em um espa\u00e7o superior a 35 mil metros quadrados de \u00e1rea constru\u00edda, o que torna o MON o maior museu de arte da Am\u00e9rica Latina.<\/p>\n\n\n\n<p>Servi\u00e7oOficina de Fotografia \u2013 Arquitetura do CorpoData: 22 de novembro<\/p>\n\n\n\n<p>Hor\u00e1rio: 14h \u00e0s 16h<\/p>\n\n\n\n<p>Local: Espa\u00e7o de OficinasRua Marechal Hermes &#8211; 999- Centro C\u00edvico, Curitiba<\/p>\n\n\n\n<p>AEN<\/p>\n","protected":false},"excerpt":{"rendered":"<p>Neste m\u00eas de novembro, o Museu Oscar Niemeyer oferecer\u00e1 uma oficina gratuita de fotografia, ministrada pelos educadores do MON. Ser\u00e1 no dia 22, quarta-feira, das 14h \u00e0s 16h. A atividade \u00e9 recomendada para maiores de 7 anos. As inscri\u00e7\u00f5es ser\u00e3o liberadas 15 minutos antes e por ordem de chegada na fila, sujeitas \u00e0 lota\u00e7\u00e3o.A oficina [&hellip;]<\/p>\n","protected":false},"author":2,"featured_media":55416,"comment_status":"open","ping_status":"open","sticky":false,"template":"","format":"standard","meta":{"advanced_seo_description":"","jetpack_seo_html_title":"","jetpack_seo_noindex":false,"_jetpack_memberships_contains_paid_content":false,"footnotes":""},"categories":[40],"tags":[],"class_list":{"0":"post-55415","1":"post","2":"type-post","3":"status-publish","4":"format-standard","5":"has-post-thumbnail","7":"category-destaques"},"jetpack_featured_media_url":"https:\/\/www.paranapraia.com.br\/wp-content\/uploads\/2023\/11\/museu_oscar_niemeyer._foto_leonardo_finotti-scaled.jpg","jetpack_sharing_enabled":true,"_links":{"self":[{"href":"https:\/\/www.paranapraia.com.br\/index.php\/wp-json\/wp\/v2\/posts\/55415"}],"collection":[{"href":"https:\/\/www.paranapraia.com.br\/index.php\/wp-json\/wp\/v2\/posts"}],"about":[{"href":"https:\/\/www.paranapraia.com.br\/index.php\/wp-json\/wp\/v2\/types\/post"}],"author":[{"embeddable":true,"href":"https:\/\/www.paranapraia.com.br\/index.php\/wp-json\/wp\/v2\/users\/2"}],"replies":[{"embeddable":true,"href":"https:\/\/www.paranapraia.com.br\/index.php\/wp-json\/wp\/v2\/comments?post=55415"}],"version-history":[{"count":1,"href":"https:\/\/www.paranapraia.com.br\/index.php\/wp-json\/wp\/v2\/posts\/55415\/revisions"}],"predecessor-version":[{"id":55417,"href":"https:\/\/www.paranapraia.com.br\/index.php\/wp-json\/wp\/v2\/posts\/55415\/revisions\/55417"}],"wp:featuredmedia":[{"embeddable":true,"href":"https:\/\/www.paranapraia.com.br\/index.php\/wp-json\/wp\/v2\/media\/55416"}],"wp:attachment":[{"href":"https:\/\/www.paranapraia.com.br\/index.php\/wp-json\/wp\/v2\/media?parent=55415"}],"wp:term":[{"taxonomy":"category","embeddable":true,"href":"https:\/\/www.paranapraia.com.br\/index.php\/wp-json\/wp\/v2\/categories?post=55415"},{"taxonomy":"post_tag","embeddable":true,"href":"https:\/\/www.paranapraia.com.br\/index.php\/wp-json\/wp\/v2\/tags?post=55415"}],"curies":[{"name":"wp","href":"https:\/\/api.w.org\/{rel}","templated":true}]}}