{"id":5539,"date":"2019-04-09T19:54:16","date_gmt":"2019-04-09T22:54:16","guid":{"rendered":"https:\/\/www.paranapraia.com.br\/?p=5539"},"modified":"2019-04-09T19:54:17","modified_gmt":"2019-04-09T22:54:17","slug":"homem-e-preso-apos-torturar-e-manter-namorada-em-carcere-privado-na-rmc","status":"publish","type":"post","link":"https:\/\/www.paranapraia.com.br\/index.php\/2019\/04\/09\/homem-e-preso-apos-torturar-e-manter-namorada-em-carcere-privado-na-rmc\/","title":{"rendered":"Homem \u00e9 preso ap\u00f3s torturar e manter namorada em c\u00e1rcere privado na RMC"},"content":{"rendered":"\n<h4 class=\"wp-block-heading\">A v\u00edtima sofreu cortes, queimaduras de cigarro e teve os dentes quebrados<\/h4>\n\n\n\n<p>Um<strong>&nbsp;homem de 30 anos<\/strong>&nbsp;foi&nbsp;<strong>preso<\/strong>&nbsp;em&nbsp;<strong>Almirante Tamandar\u00e9<\/strong>, na regi\u00e3o metropolitana de Curitiba, acusado de&nbsp;<strong>agredir<\/strong>,&nbsp;<strong>torturar<\/strong>&nbsp;e&nbsp;<strong>manter a namorada,<\/strong>&nbsp;38,&nbsp;<strong>em c\u00e1rcere privado<\/strong>. Segundo a fam\u00edlia da mulher, as agress\u00f5es mais pesadas aconteceram no in\u00edcio da semana passada em S\u00e3o Paulo, onde o casal estava para realizar um trabalho tempor\u00e1rio. Os dois come\u00e7aram o relacionamento em janeiro deste ano.<\/p>\n\n\n\n<p>A irm\u00e3 da v\u00edtima, Solange dos Santos, contou \u00e0&nbsp;<strong>Banda B<\/strong>&nbsp;que a briga teve in\u00edcio depois que o rapaz acusou a companheira de estar gr\u00e1vida de outro homem. \u201cEle dizia que o tal filho n\u00e3o era dele, mas toda essa hist\u00f3ria \u00e9 mentira, porque ela fez laqueadura h\u00e1 anos. Uma hora ele saiu de casa e, quando voltou, estava embriagado. Foi a\u00ed que as agress\u00f5es come\u00e7aram\u201d.<\/p>\n\n\n\n<p>De acordo com Solange, a v\u00edtima sofreu cortes, queimaduras de cigarro e teve os dentes quebrados. \u201cEle jogou uma garrafa no ch\u00e3o e usou o vidro para fazer cortes nas pernas dela. Ele apagou cigarros na pele da minha irm\u00e3, a fez comer os peda\u00e7os, e a espancou com um cabo de vassoura. Ela tem feridas at\u00e9 atr\u00e1s da orelha\u201d, completou.<\/p>\n\n\n\n<p>Ap\u00f3s as agress\u00f5es, o casal voltou para Almirante Tamandar\u00e9, onde mora, e o acusado a manteve presa dentro da resid\u00eancia. A v\u00edtima relatou para familiares que foi amea\u00e7ada e que o companheiro afirmou que s\u00f3 a deixaria sair dali depois que os ferimentos sarassem, para que ningu\u00e9m soubesse do crime.<\/p>\n\n\n\n<p>\u201cEu conversei com a minha irm\u00e3 por telefone na ocasi\u00e3o e estranhei a voz dela. Quando perguntei se estava tudo bem, ela respondeu que sim e que tinha apenas queimado a boca com caf\u00e9. S\u00f3 que n\u00f3s desconfiamos porque conhec\u00edamos o hist\u00f3rico da fam\u00edlia dele e sab\u00edamos que era agressivo\u201d, comentou.<\/p>\n\n\n\n<p>Depois de cerca de quatro dias de confinamento, a v\u00edtima conseguiu escapar e procurou ajuda m\u00e9dica. Ela fez exame de corpo de delito e denunciou o caso \u00e0 Pol\u00edcia Civil, que prendeu o acusado em flagrante. \u201cPelo o que descobrimos depois, ele j\u00e1 tem passagens pela Lei Maria da Penha. Agora estamos morrendo de medo que ele seja solto\u201d, desabafou.<\/p>\n\n\n\n<h2 class=\"wp-block-heading\">Pris\u00e3o<\/h2>\n\n\n\n<p>A pris\u00e3o foi realizada por policiais da Delegacia de Almirante Tamandar\u00e9 na \u00faltima sexta-feira (5). \u201cA v\u00edtima ficou em c\u00e1rcere privado de segunda a quinta-feira e, quando conseguiu sair da casa, foi direto para o hospital. Posteriormente, veio at\u00e9 n\u00f3s, bastante machucada, com diversas les\u00f5es pelo corpo\u201d, disse o delegado Ademair da Cruz Braga J\u00fanior, respons\u00e1vel pelo caso.<\/p>\n\n\n\n<p>BandaB<\/p>\n","protected":false},"excerpt":{"rendered":"<p>A v\u00edtima sofreu cortes, queimaduras de cigarro e teve os dentes quebrados Um&nbsp;homem de 30 anos&nbsp;foi&nbsp;preso&nbsp;em&nbsp;Almirante Tamandar\u00e9, na regi\u00e3o metropolitana de Curitiba, acusado de&nbsp;agredir,&nbsp;torturar&nbsp;e&nbsp;manter a namorada,&nbsp;38,&nbsp;em c\u00e1rcere privado. Segundo a fam\u00edlia da mulher, as agress\u00f5es mais pesadas aconteceram no in\u00edcio da semana passada em S\u00e3o Paulo, onde o casal estava para realizar um trabalho tempor\u00e1rio. [&hellip;]<\/p>\n","protected":false},"author":2,"featured_media":5540,"comment_status":"open","ping_status":"open","sticky":false,"template":"","format":"standard","meta":{"advanced_seo_description":"","jetpack_seo_html_title":"","jetpack_seo_noindex":false,"_jetpack_memberships_contains_paid_content":false,"footnotes":""},"categories":[33],"tags":[],"class_list":{"0":"post-5539","1":"post","2":"type-post","3":"status-publish","4":"format-standard","5":"has-post-thumbnail","7":"category-policia"},"jetpack_featured_media_url":"https:\/\/www.paranapraia.com.br\/wp-content\/uploads\/2019\/04\/violencia-domestica.jpg","jetpack_sharing_enabled":true,"_links":{"self":[{"href":"https:\/\/www.paranapraia.com.br\/index.php\/wp-json\/wp\/v2\/posts\/5539"}],"collection":[{"href":"https:\/\/www.paranapraia.com.br\/index.php\/wp-json\/wp\/v2\/posts"}],"about":[{"href":"https:\/\/www.paranapraia.com.br\/index.php\/wp-json\/wp\/v2\/types\/post"}],"author":[{"embeddable":true,"href":"https:\/\/www.paranapraia.com.br\/index.php\/wp-json\/wp\/v2\/users\/2"}],"replies":[{"embeddable":true,"href":"https:\/\/www.paranapraia.com.br\/index.php\/wp-json\/wp\/v2\/comments?post=5539"}],"version-history":[{"count":1,"href":"https:\/\/www.paranapraia.com.br\/index.php\/wp-json\/wp\/v2\/posts\/5539\/revisions"}],"predecessor-version":[{"id":5541,"href":"https:\/\/www.paranapraia.com.br\/index.php\/wp-json\/wp\/v2\/posts\/5539\/revisions\/5541"}],"wp:featuredmedia":[{"embeddable":true,"href":"https:\/\/www.paranapraia.com.br\/index.php\/wp-json\/wp\/v2\/media\/5540"}],"wp:attachment":[{"href":"https:\/\/www.paranapraia.com.br\/index.php\/wp-json\/wp\/v2\/media?parent=5539"}],"wp:term":[{"taxonomy":"category","embeddable":true,"href":"https:\/\/www.paranapraia.com.br\/index.php\/wp-json\/wp\/v2\/categories?post=5539"},{"taxonomy":"post_tag","embeddable":true,"href":"https:\/\/www.paranapraia.com.br\/index.php\/wp-json\/wp\/v2\/tags?post=5539"}],"curies":[{"name":"wp","href":"https:\/\/api.w.org\/{rel}","templated":true}]}}