{"id":5536,"date":"2019-04-09T19:53:21","date_gmt":"2019-04-09T22:53:21","guid":{"rendered":"https:\/\/www.paranapraia.com.br\/?p=5536"},"modified":"2019-04-09T19:53:23","modified_gmt":"2019-04-09T22:53:23","slug":"mulher-pede-ajuda-apos-ser-arrastada-e-estuprada-em-matagal-da-rmc","status":"publish","type":"post","link":"https:\/\/www.paranapraia.com.br\/index.php\/2019\/04\/09\/mulher-pede-ajuda-apos-ser-arrastada-e-estuprada-em-matagal-da-rmc\/","title":{"rendered":"Mulher pede ajuda ap\u00f3s ser arrastada e estuprada em matagal da RMC"},"content":{"rendered":"\n<h4 class=\"wp-block-heading\">V\u00edtima foi levada ao IML para realiza\u00e7\u00e3o de exames<\/h4>\n\n\n\n<p>Uma mulher denunciou ter sofrido um estupro, no come\u00e7o da manh\u00e3 desta ter\u00e7a-feira (9), ap\u00f3s ser arrastada para um matagal do Jardim It\u00e1lia, em S\u00e3o Jos\u00e9 dos Pinhais, na regi\u00e3o metropolitana de Curitiba.<\/p>\n\n\n\n<p>De acordo com a Pol\u00edcia Militar, ela relatou que foi arrastada para perto de um rio e acabou sofrendo a viol\u00eancia sexual. Ao pedir ajuda, a mulher estava bastante machucada das agress\u00f5es sofridas.<\/p>\n\n\n\n<p>O crime teria acontecido entre as localidades do Moradias Trevisan e Jardim Eldorado. Moradores da regi\u00e3o contam que o ponto de passagem \u00e9 constante entre mulheres e crian\u00e7as.<\/p>\n\n\n\n<p>O atendimento foi realizado pela Equipe da 1\u00b0 Cia da PM de S\u00e3o Jos\u00e9 dos Pinhais, que encaminhou a v\u00edtima para realiza\u00e7\u00e3o de exames no Instituto M\u00e9dico Legal (IML).<\/p>\n\n\n\n<p>A Banda B entrou em contato com a Pol\u00edcia Civil, que informou que a v\u00edtima foi ouvida na Delegacia da Mulher de S\u00e3o Jos\u00e9 dos Pinhais. A corpora\u00e7\u00e3o informou ainda que n\u00e3o ir\u00e1 divulgar detalhes para n\u00e3o atrapalhar as investiga\u00e7\u00f5es.<\/p>\n\n\n\n<p>BandaB<\/p>\n","protected":false},"excerpt":{"rendered":"<p>V\u00edtima foi levada ao IML para realiza\u00e7\u00e3o de exames Uma mulher denunciou ter sofrido um estupro, no come\u00e7o da manh\u00e3 desta ter\u00e7a-feira (9), ap\u00f3s ser arrastada para um matagal do Jardim It\u00e1lia, em S\u00e3o Jos\u00e9 dos Pinhais, na regi\u00e3o metropolitana de Curitiba. De acordo com a Pol\u00edcia Militar, ela relatou que foi arrastada para perto [&hellip;]<\/p>\n","protected":false},"author":2,"featured_media":5537,"comment_status":"open","ping_status":"open","sticky":false,"template":"","format":"standard","meta":{"advanced_seo_description":"","jetpack_seo_html_title":"","jetpack_seo_noindex":false,"_jetpack_memberships_contains_paid_content":false,"footnotes":""},"categories":[40],"tags":[],"class_list":{"0":"post-5536","1":"post","2":"type-post","3":"status-publish","4":"format-standard","5":"has-post-thumbnail","7":"category-destaques"},"jetpack_featured_media_url":"https:\/\/www.paranapraia.com.br\/wp-content\/uploads\/2019\/04\/denuncia-960x323.jpg","jetpack_sharing_enabled":true,"_links":{"self":[{"href":"https:\/\/www.paranapraia.com.br\/index.php\/wp-json\/wp\/v2\/posts\/5536"}],"collection":[{"href":"https:\/\/www.paranapraia.com.br\/index.php\/wp-json\/wp\/v2\/posts"}],"about":[{"href":"https:\/\/www.paranapraia.com.br\/index.php\/wp-json\/wp\/v2\/types\/post"}],"author":[{"embeddable":true,"href":"https:\/\/www.paranapraia.com.br\/index.php\/wp-json\/wp\/v2\/users\/2"}],"replies":[{"embeddable":true,"href":"https:\/\/www.paranapraia.com.br\/index.php\/wp-json\/wp\/v2\/comments?post=5536"}],"version-history":[{"count":1,"href":"https:\/\/www.paranapraia.com.br\/index.php\/wp-json\/wp\/v2\/posts\/5536\/revisions"}],"predecessor-version":[{"id":5538,"href":"https:\/\/www.paranapraia.com.br\/index.php\/wp-json\/wp\/v2\/posts\/5536\/revisions\/5538"}],"wp:featuredmedia":[{"embeddable":true,"href":"https:\/\/www.paranapraia.com.br\/index.php\/wp-json\/wp\/v2\/media\/5537"}],"wp:attachment":[{"href":"https:\/\/www.paranapraia.com.br\/index.php\/wp-json\/wp\/v2\/media?parent=5536"}],"wp:term":[{"taxonomy":"category","embeddable":true,"href":"https:\/\/www.paranapraia.com.br\/index.php\/wp-json\/wp\/v2\/categories?post=5536"},{"taxonomy":"post_tag","embeddable":true,"href":"https:\/\/www.paranapraia.com.br\/index.php\/wp-json\/wp\/v2\/tags?post=5536"}],"curies":[{"name":"wp","href":"https:\/\/api.w.org\/{rel}","templated":true}]}}