{"id":55281,"date":"2023-11-11T07:58:28","date_gmt":"2023-11-11T10:58:28","guid":{"rendered":"https:\/\/www.paranapraia.com.br\/?p=55281"},"modified":"2023-11-11T07:58:29","modified_gmt":"2023-11-11T10:58:29","slug":"parana-vai-promover-1a-conferencia-estadual-dos-povos-indigenas-em-dezembro","status":"publish","type":"post","link":"https:\/\/www.paranapraia.com.br\/index.php\/2023\/11\/11\/parana-vai-promover-1a-conferencia-estadual-dos-povos-indigenas-em-dezembro\/","title":{"rendered":"Paran\u00e1 vai promover 1\u00aa Confer\u00eancia Estadual dos Povos Ind\u00edgenas em dezembro"},"content":{"rendered":"\n<p>O Governo do Estado, por meio da Secretaria da Mulher, Igualdade Racial e Pessoa Idosa (Semipi), promover\u00e1 a 1\u00aa Confer\u00eancia Estadual dos Povos Ind\u00edgenas do Paran\u00e1, nos dias 1, 2 e 3 de dezembro, em Foz do Igua\u00e7u, no Oeste. \u00c9 uma iniciativa in\u00e9dita na hist\u00f3ria paranaense e marca um passo fundamental para a consolida\u00e7\u00e3o das pol\u00edticas p\u00fablicas voltadas para a popula\u00e7\u00e3o ind\u00edgena.<\/p>\n\n\n\n<p>O encontro reunir\u00e1 Organiza\u00e7\u00f5es N\u00e3o Governamentais que atuam diretamente nas demandas e pol\u00edticas referentes aos povos ind\u00edgenas do Paran\u00e1, das etnias Kaingang, Guarani, Xet\u00e1 e demais comunidades ind\u00edgenas do Estado.Tamb\u00e9m participar\u00e3o representantes da sociedade civil, o poder p\u00fablico e \u00f3rg\u00e3os ligados \u00e0s quest\u00f5es ind\u00edgenas para promover di\u00e1logos e discutir a\u00e7\u00f5es que fortale\u00e7am a causa ind\u00edgena, respeitando a diversidade \u00e9tnica e cultural paranaense.<\/p>\n\n\n\n<p>A confer\u00eancia \u00e9 fruto da cria\u00e7\u00e3o do Conselho Estadual dos Povos Ind\u00edgenas do Paran\u00e1 (CEPI\/PR), com san\u00e7\u00e3o da Lei n\u00b0 21.430\/2023, refor\u00e7ando o compromisso das autoridades em promover a participa\u00e7\u00e3o ativa dos povos ind\u00edgenas na gest\u00e3o de suas quest\u00f5es e na constru\u00e7\u00e3o do Estado.A secret\u00e1ria da Mulher, Igualdade Racial e Pessoa Idosa (Semipi), Leandre Dal Ponte, destaca a import\u00e2ncia da confer\u00eancia na hist\u00f3ria do Paran\u00e1.<\/p>\n\n\n\n<p> &#8220;A confer\u00eancia visa proporcionar um espa\u00e7o de di\u00e1logo e reflex\u00e3o, onde l\u00edderes, representantes e membros das comunidades ind\u00edgenas ter\u00e3o a oportunidade de compartilhar suas perspectivas, desafios e aspira\u00e7\u00f5es&#8221;, disse.<\/p>\n\n\n\n<p>A diretora de Igualdade Racial, Povos e Comunidades Tradicionais da Semipi, Clemilda Santiago Neto, lembra que a cria\u00e7\u00e3o do conselho atende a uma reivindica\u00e7\u00e3o de mais de 20 anos dos povos ind\u00edgenas.\u201cEle representa um espa\u00e7o de garantia de direitos os quais est\u00e3o assegurados na Constitui\u00e7\u00e3o Federal desde 1988\u201d, destaca.<\/p>\n\n\n\n<p> \u201cTamb\u00e9m ser\u00e1 um espa\u00e7o de promo\u00e7\u00e3o e fortalecimento da autonomia destes povos na constru\u00e7\u00e3o de pol\u00edticas p\u00fablicas que contemplem seu direito \u00e0 vida, ao desenvolvimento sustent\u00e1vel, respeitando sua trajet\u00f3ria hist\u00f3rica, sua organiza\u00e7\u00e3o social e sua cultura\u201d, acrescenta.<\/p>\n\n\n\n<p>O cacique da Terra Ind\u00edgena Rio Das Cobra, no Centro-Sul, Angelo Kovigtanh Rufino, afirma que as Confer\u00eancias Livres que antecedem a Confer\u00eancia Estadual dos Povos Ind\u00edgenas do Paran\u00e1 fazem com que as comunidades se envolvam e fiquem cientes do que est\u00e3o participando.<\/p>\n\n\n\n<p>\u201cA comunidade est\u00e1 colaborando bastante, dando a ideia deles, a opini\u00e3o deles com rela\u00e7\u00e3o a essa confer\u00eancia e temas como sa\u00fade, educa\u00e7\u00e3o, moradia, cultura\u201d, disse.<\/p>\n\n\n\n<p>ELEI\u00c7\u00c3O \u2013 O encontro ser\u00e1 marcado pela elei\u00e7\u00e3o dos primeiros conselheiros ind\u00edgenas do Paran\u00e1, abrindo espa\u00e7o para que vozes dos povos ind\u00edgenas sejam ouvidas e respeitadas na formula\u00e7\u00e3o de pol\u00edticas que afetam diretamente suas comunidades.<\/p>\n\n\n\n<p>Ao todo, s\u00e3o 26 vagas que devem ser divididas em representa\u00e7\u00f5es da sociedade civil e poder p\u00fablico, sendo 50% para cada. Das 13 vagas reservadas para a sociedade civil, 11 ser\u00e3o distribu\u00eddas entre as lideran\u00e7as do Estado: 5 para Kaingang, 5 Guarani e 1 Xet\u00e1. As outras 2 vagas dever\u00e3o ser ocupadas por organiza\u00e7\u00f5es n\u00e3o governamentais de atua\u00e7\u00e3o na defesa dos direitos dos povos ind\u00edgenas do Paran\u00e1.<\/p>\n\n\n\n<p>As entidades interessadas em participar devem se inscrever at\u00e9 15 de novembro e encaminhar a documenta\u00e7\u00e3o para a Comiss\u00e3o Organizadora da Confer\u00eancia no endere\u00e7o eletr\u00f4nico cepi@semipi.pr.gov.br.<\/p>\n\n\n\n<p>AEN<\/p>\n","protected":false},"excerpt":{"rendered":"<p>O Governo do Estado, por meio da Secretaria da Mulher, Igualdade Racial e Pessoa Idosa (Semipi), promover\u00e1 a 1\u00aa Confer\u00eancia Estadual dos Povos Ind\u00edgenas do Paran\u00e1, nos dias 1, 2 e 3 de dezembro, em Foz do Igua\u00e7u, no Oeste. \u00c9 uma iniciativa in\u00e9dita na hist\u00f3ria paranaense e marca um passo fundamental para a consolida\u00e7\u00e3o [&hellip;]<\/p>\n","protected":false},"author":2,"featured_media":55282,"comment_status":"open","ping_status":"open","sticky":false,"template":"","format":"standard","meta":{"advanced_seo_description":"","jetpack_seo_html_title":"","jetpack_seo_noindex":false,"_jetpack_memberships_contains_paid_content":false,"footnotes":""},"categories":[40],"tags":[517,516],"class_list":{"0":"post-55281","1":"post","2":"type-post","3":"status-publish","4":"format-standard","5":"has-post-thumbnail","7":"category-destaques","8":"tag-indigenas","9":"tag-povos"},"jetpack_featured_media_url":"https:\/\/www.paranapraia.com.br\/wp-content\/uploads\/2023\/11\/kv_conferencia_indigena-scaled.jpg","jetpack_sharing_enabled":true,"_links":{"self":[{"href":"https:\/\/www.paranapraia.com.br\/index.php\/wp-json\/wp\/v2\/posts\/55281"}],"collection":[{"href":"https:\/\/www.paranapraia.com.br\/index.php\/wp-json\/wp\/v2\/posts"}],"about":[{"href":"https:\/\/www.paranapraia.com.br\/index.php\/wp-json\/wp\/v2\/types\/post"}],"author":[{"embeddable":true,"href":"https:\/\/www.paranapraia.com.br\/index.php\/wp-json\/wp\/v2\/users\/2"}],"replies":[{"embeddable":true,"href":"https:\/\/www.paranapraia.com.br\/index.php\/wp-json\/wp\/v2\/comments?post=55281"}],"version-history":[{"count":1,"href":"https:\/\/www.paranapraia.com.br\/index.php\/wp-json\/wp\/v2\/posts\/55281\/revisions"}],"predecessor-version":[{"id":55283,"href":"https:\/\/www.paranapraia.com.br\/index.php\/wp-json\/wp\/v2\/posts\/55281\/revisions\/55283"}],"wp:featuredmedia":[{"embeddable":true,"href":"https:\/\/www.paranapraia.com.br\/index.php\/wp-json\/wp\/v2\/media\/55282"}],"wp:attachment":[{"href":"https:\/\/www.paranapraia.com.br\/index.php\/wp-json\/wp\/v2\/media?parent=55281"}],"wp:term":[{"taxonomy":"category","embeddable":true,"href":"https:\/\/www.paranapraia.com.br\/index.php\/wp-json\/wp\/v2\/categories?post=55281"},{"taxonomy":"post_tag","embeddable":true,"href":"https:\/\/www.paranapraia.com.br\/index.php\/wp-json\/wp\/v2\/tags?post=55281"}],"curies":[{"name":"wp","href":"https:\/\/api.w.org\/{rel}","templated":true}]}}