{"id":55277,"date":"2023-11-11T07:53:23","date_gmt":"2023-11-11T10:53:23","guid":{"rendered":"https:\/\/www.paranapraia.com.br\/?p=55277"},"modified":"2023-11-11T07:53:24","modified_gmt":"2023-11-11T10:53:24","slug":"avo-chora-ao-saber-no-whatsapp-que-neto-foi-aprovado-no-tcc-para-dentista-assista","status":"publish","type":"post","link":"https:\/\/www.paranapraia.com.br\/index.php\/2023\/11\/11\/avo-chora-ao-saber-no-whatsapp-que-neto-foi-aprovado-no-tcc-para-dentista-assista\/","title":{"rendered":"Av\u00f3 chora ao saber no WhatsApp que neto foi aprovado no TCC para dentista; Assista"},"content":{"rendered":"\n<p>O v\u00eddeo de uma av\u00f3, que chora ao saber que o neto foi aprovado no TCC, mostra o tamanho do amor dessas fofas, que s\u00e3o chamadas de m\u00e3e duas vezes. E s\u00e3o.<\/p>\n\n\n\n<p>O estudante mineiro Bruno Emanuel compartilhou nas redes sociais o momento em que Dona Santa, de 74 anos, fica sabendo da aprova\u00e7\u00e3o do TCC, Trabalho de Conclus\u00e3o de Curso, dele no curso de Odontologia.<\/p>\n\n\n\n<p>A conquista de Bruno foi compartilhada no grupo da fam\u00edlia no WhatsApp e Dona Santa n\u00e3o segurou a emo\u00e7\u00e3o. Ela tenta enxugar as l\u00e1grimas de orgulho e alegria. <\/p>\n\n\n\n<p>\u201cParab\u00e9ns, Bu! Voc\u00ea t\u00e1 t\u00e3o bonito! T\u00e3o lindo, meu filho! Nosso Deus! Parab\u00e9ns, meu filho\u201d, celebrou a av\u00f3 em um \u00e1udio cheio de carinho. (assista abaixo)<\/p>\n\n\n\n<p>Caminho acad\u00eamico<\/p>\n\n\n\n<p>Bruno cursa Odontologia na UFVJM (Universidade Federal dos Vales Jequitinhonha e Mucuri), em Minas Gerais, e est\u00e1 na reta final do curso.Para estudar, ele se mudou para Diamantina. A cidade fica cerca de 450 km de Monte Formoso, sua cidade Natal. \u00c9 l\u00e1 que sua av\u00f3 tamb\u00e9m mora. <\/p>\n\n\n\n<p>O jovem era vizinho dela e sempre foi o xod\u00f3.Bruno conta que \u00e9 a dona Santa que cuida do seu av\u00f4, que h\u00e1 15 anos foi diagnosticado com Alzheimer.Como ela tamb\u00e9m \u00e9 uma pessoa idosa, volta e meia ele vai para Monte Formoso e dorme na casa dos av\u00f3s para cuidar dos dois.<\/p>\n\n\n\n<figure class=\"wp-block-video\"><video controls src=\"https:\/\/www.paranapraia.com.br\/wp-content\/uploads\/2023\/11\/Snapinsta.app_video_10000000_267265538980931_7485557296064500194_n.mp4\"><\/video><\/figure>\n\n\n\n<p>Emo\u00e7\u00e3o registrada<\/p>\n\n\n\n<p>A irm\u00e3 do Bruno enviou um v\u00eddeo no grupo mostrando a av\u00f3 aos prantos com a vit\u00f3ria do neto.<\/p>\n\n\n\n<p>Em meio \u00e0s l\u00e1grimas, a idosa explica que chora de emo\u00e7\u00e3o porque o neto Bruno \u201cest\u00e1 recebendo o diploma\u201d.<\/p>\n\n\n\n<p>A\u00ed surge uma mulher e explica que o jovem apresentou o TCC e que ele ainda n\u00e3o est\u00e1 recebendo o diploma.<\/p>\n\n\n\n<p>No ensino superior, a apresenta\u00e7\u00e3o e aprova\u00e7\u00e3o no TCC \u00e9 a etapa mais esperada dos estudantes porque representa o \u00faltimo desafio para a conclus\u00e3o do curso e o recebimento do diploma.<\/p>\n\n\n\n<p>Rea\u00e7\u00f5es nas redes sociaisNa legenda do v\u00eddeo, o jovem escreveu: \u201cMinha \u2018v\u00f3\u2019 \u00e9 minha vida\u201d.Os seguidores n\u00e3o pouparam elogios: \u201cQue amor sincero, gente! A rea\u00e7\u00e3o dela n\u00e3o poderia ser diferente\u201d.<\/p>\n\n\n\n<p>E teve at\u00e9 quem falou: \u201cVoc\u00ea \u00e9 t\u00e3o rico, Bruno! Mas n\u00e3o t\u00f4 falando de dinheiro\u2026\u201d.Temos que concordar, n\u00e3o \u00e9?Coisa boa \u00e9 compartilhar a alegria em fam\u00edlia!Dona Santa mal ouve a explica\u00e7\u00e3o e segue com o choro de emo\u00e7\u00e3o.<\/p>\n\n\n\n<p>\u00c9 amor que se diz, n\u00e9?No caso da Dona Santa tamb\u00e9m \u00e9 muito orgulho de ver que o neto vai ser doutor.<\/p>\n\n\n\n<p>Que linda!<\/p>\n","protected":false},"excerpt":{"rendered":"<p>O v\u00eddeo de uma av\u00f3, que chora ao saber que o neto foi aprovado no TCC, mostra o tamanho do amor dessas fofas, que s\u00e3o chamadas de m\u00e3e duas vezes. E s\u00e3o. O estudante mineiro Bruno Emanuel compartilhou nas redes sociais o momento em que Dona Santa, de 74 anos, fica sabendo da aprova\u00e7\u00e3o do [&hellip;]<\/p>\n","protected":false},"author":2,"featured_media":55278,"comment_status":"open","ping_status":"open","sticky":false,"template":"","format":"standard","meta":{"advanced_seo_description":"","jetpack_seo_html_title":"","jetpack_seo_noindex":false,"_jetpack_memberships_contains_paid_content":false,"footnotes":""},"categories":[40],"tags":[],"class_list":{"0":"post-55277","1":"post","2":"type-post","3":"status-publish","4":"format-standard","5":"has-post-thumbnail","7":"category-destaques"},"jetpack_featured_media_url":"https:\/\/www.paranapraia.com.br\/wp-content\/uploads\/2023\/11\/IMG-20231111-WA0001.jpg","jetpack_sharing_enabled":true,"_links":{"self":[{"href":"https:\/\/www.paranapraia.com.br\/index.php\/wp-json\/wp\/v2\/posts\/55277"}],"collection":[{"href":"https:\/\/www.paranapraia.com.br\/index.php\/wp-json\/wp\/v2\/posts"}],"about":[{"href":"https:\/\/www.paranapraia.com.br\/index.php\/wp-json\/wp\/v2\/types\/post"}],"author":[{"embeddable":true,"href":"https:\/\/www.paranapraia.com.br\/index.php\/wp-json\/wp\/v2\/users\/2"}],"replies":[{"embeddable":true,"href":"https:\/\/www.paranapraia.com.br\/index.php\/wp-json\/wp\/v2\/comments?post=55277"}],"version-history":[{"count":1,"href":"https:\/\/www.paranapraia.com.br\/index.php\/wp-json\/wp\/v2\/posts\/55277\/revisions"}],"predecessor-version":[{"id":55280,"href":"https:\/\/www.paranapraia.com.br\/index.php\/wp-json\/wp\/v2\/posts\/55277\/revisions\/55280"}],"wp:featuredmedia":[{"embeddable":true,"href":"https:\/\/www.paranapraia.com.br\/index.php\/wp-json\/wp\/v2\/media\/55278"}],"wp:attachment":[{"href":"https:\/\/www.paranapraia.com.br\/index.php\/wp-json\/wp\/v2\/media?parent=55277"}],"wp:term":[{"taxonomy":"category","embeddable":true,"href":"https:\/\/www.paranapraia.com.br\/index.php\/wp-json\/wp\/v2\/categories?post=55277"},{"taxonomy":"post_tag","embeddable":true,"href":"https:\/\/www.paranapraia.com.br\/index.php\/wp-json\/wp\/v2\/tags?post=55277"}],"curies":[{"name":"wp","href":"https:\/\/api.w.org\/{rel}","templated":true}]}}