{"id":55274,"date":"2023-11-11T07:47:11","date_gmt":"2023-11-11T10:47:11","guid":{"rendered":"https:\/\/www.paranapraia.com.br\/?p=55274"},"modified":"2023-11-11T07:47:12","modified_gmt":"2023-11-11T10:47:12","slug":"ideathon-parana-maratona-de-inovacao-estudantil-conclui-etapa-de-foz-do-iguacu","status":"publish","type":"post","link":"https:\/\/www.paranapraia.com.br\/index.php\/2023\/11\/11\/ideathon-parana-maratona-de-inovacao-estudantil-conclui-etapa-de-foz-do-iguacu\/","title":{"rendered":"Ideathon Paran\u00e1: maratona de inova\u00e7\u00e3o estudantil conclui etapa de Foz do Igua\u00e7u"},"content":{"rendered":"\n<p>Foz do Igua\u00e7u recebeu nesta quinta e sexta-feira (9 e 10) a terceira etapa do Ideathon Paran\u00e1 2023, maior maratona de inova\u00e7\u00e3o do Estado voltada a estudantes das redes de ensino p\u00fablica e privada. Alunos do 6\u00ba ao 8\u00ba ano do ensino fundamental II e do 1\u00ba e 2\u00ba ano do ensino m\u00e9dio participaram ativamente, apresentando ideias criativas para cidades inteligentes e gest\u00e3o p\u00fablica, abordando temas como sa\u00fade, seguran\u00e7a, economia local, educa\u00e7\u00e3o digital, cultura e servi\u00e7os p\u00fablicos.<\/p>\n\n\n\n<p>O Ideathon Paran\u00e1 \u00e9 uma iniciativa da secretaria estadual da Inova\u00e7\u00e3o, Moderniza\u00e7\u00e3o e Transforma\u00e7\u00e3o Digital (SEI), em parceria com a Ag\u00eancia Arauc\u00e1ria, Sebrae\/PR, secretaria estadual da Educa\u00e7\u00e3o e Sindicato dos Estabelecimentos Particulares de Ensino do Paran\u00e1 (Sinepe-PR).<\/p>\n\n\n\n<p>Em Foz do Igua\u00e7u, na categoria do Ensino Fundamental II, o grupo Sinal de Cura saiu vitorioso, abordando a sa\u00fade p\u00fablica com a ideia de um aplicativo para marca\u00e7\u00e3o de consultas m\u00e9dicas pelo SUS. J\u00e1 no Ensino M\u00e9dio, os campe\u00f5es foram do grupo Imaginouts, apresentando uma proposta cultural para visibilidade de artistas locais e regionais. Eles foram premiados com medalhas ao final dos trabalhos. Os vencedores s\u00e3o definidos ap\u00f3s avalia\u00e7\u00e3o feita por especialistas em inova\u00e7\u00e3o indicados pelo Sebrae-PR. A diretora-auxiliar do Col\u00e9gio Estadual Pioneiros, Adriana Woos, que atuou como mentora dos alunos, destacou que este tipo maratona estimula a criatividade educativa das crian\u00e7as e adolescentes. <\/p>\n\n\n\n<p>\u201c\u00c9 a primeira vez que estamos participando de um Ideathon e \u00e9 bem interessante porque as din\u00e2micas est\u00e3o trabalhando o que j\u00e1 ensinamos no col\u00e9gio. Eles conseguiram aplicar um pouco da teoria na pr\u00e1tica e entender que podem ser protagonistas na sociedade\u201d, afirmou a educadora.<\/p>\n\n\n\n<p>inteligente do mundoO Ideatohn Paran\u00e1 2023 j\u00e1 passou pelas etapas de Apucarana e Curitiba. Ap\u00f3s Foz do Igua\u00e7u, a pr\u00f3xima ser\u00e1 em Jacarezinho, segunda e ter\u00e7a-feira (13 e 14). As inscri\u00e7\u00f5es s\u00e3o gratuitas e podem ser feitas no site oficial do Ideathon Paran\u00e1 2023, com limite m\u00e1ximo de 200 inscritos por munic\u00edpio.<\/p>\n\n\n\n<p>Ainda restam vagas para as etapas de Ponta Grossa (23 e 24), Maring\u00e1 (16 e 17), Umuarama (27 e 28) e Londrina (30\/11 e 01\/12). Ao fim de todas elas, ser\u00e3o definidos os vencedores estaduais de cada categoria.<\/p>\n\n\n\n<p>AEN<\/p>\n","protected":false},"excerpt":{"rendered":"<p>Foz do Igua\u00e7u recebeu nesta quinta e sexta-feira (9 e 10) a terceira etapa do Ideathon Paran\u00e1 2023, maior maratona de inova\u00e7\u00e3o do Estado voltada a estudantes das redes de ensino p\u00fablica e privada. Alunos do 6\u00ba ao 8\u00ba ano do ensino fundamental II e do 1\u00ba e 2\u00ba ano do ensino m\u00e9dio participaram ativamente, [&hellip;]<\/p>\n","protected":false},"author":2,"featured_media":55275,"comment_status":"open","ping_status":"open","sticky":false,"template":"","format":"standard","meta":{"advanced_seo_description":"","jetpack_seo_html_title":"","jetpack_seo_noindex":false,"_jetpack_memberships_contains_paid_content":false,"footnotes":""},"categories":[40],"tags":[],"class_list":{"0":"post-55274","1":"post","2":"type-post","3":"status-publish","4":"format-standard","5":"has-post-thumbnail","7":"category-destaques"},"jetpack_featured_media_url":"https:\/\/www.paranapraia.com.br\/wp-content\/uploads\/2023\/11\/whatsapp_image_2023-11-10_at_17.24.20_1-scaled.jpg","jetpack_sharing_enabled":true,"_links":{"self":[{"href":"https:\/\/www.paranapraia.com.br\/index.php\/wp-json\/wp\/v2\/posts\/55274"}],"collection":[{"href":"https:\/\/www.paranapraia.com.br\/index.php\/wp-json\/wp\/v2\/posts"}],"about":[{"href":"https:\/\/www.paranapraia.com.br\/index.php\/wp-json\/wp\/v2\/types\/post"}],"author":[{"embeddable":true,"href":"https:\/\/www.paranapraia.com.br\/index.php\/wp-json\/wp\/v2\/users\/2"}],"replies":[{"embeddable":true,"href":"https:\/\/www.paranapraia.com.br\/index.php\/wp-json\/wp\/v2\/comments?post=55274"}],"version-history":[{"count":1,"href":"https:\/\/www.paranapraia.com.br\/index.php\/wp-json\/wp\/v2\/posts\/55274\/revisions"}],"predecessor-version":[{"id":55276,"href":"https:\/\/www.paranapraia.com.br\/index.php\/wp-json\/wp\/v2\/posts\/55274\/revisions\/55276"}],"wp:featuredmedia":[{"embeddable":true,"href":"https:\/\/www.paranapraia.com.br\/index.php\/wp-json\/wp\/v2\/media\/55275"}],"wp:attachment":[{"href":"https:\/\/www.paranapraia.com.br\/index.php\/wp-json\/wp\/v2\/media?parent=55274"}],"wp:term":[{"taxonomy":"category","embeddable":true,"href":"https:\/\/www.paranapraia.com.br\/index.php\/wp-json\/wp\/v2\/categories?post=55274"},{"taxonomy":"post_tag","embeddable":true,"href":"https:\/\/www.paranapraia.com.br\/index.php\/wp-json\/wp\/v2\/tags?post=55274"}],"curies":[{"name":"wp","href":"https:\/\/api.w.org\/{rel}","templated":true}]}}