{"id":55127,"date":"2023-10-30T11:59:20","date_gmt":"2023-10-30T14:59:20","guid":{"rendered":"https:\/\/www.paranapraia.com.br\/?p=55127"},"modified":"2023-10-30T11:59:21","modified_gmt":"2023-10-30T14:59:21","slug":"apos-chuvas-intensas-tecnicos-da-sanepar-atuam-de-forma-intensa-para-normalizar-abastecimento","status":"publish","type":"post","link":"https:\/\/www.paranapraia.com.br\/index.php\/2023\/10\/30\/apos-chuvas-intensas-tecnicos-da-sanepar-atuam-de-forma-intensa-para-normalizar-abastecimento\/","title":{"rendered":"Ap\u00f3s chuvas intensas, t\u00e9cnicos da Sanepar atuam de forma intensa para normalizar abastecimento"},"content":{"rendered":"\n<p>As fortes chuvas do fim de semana ainda causam reflexos no abastecimento de \u00e1gua em v\u00e1rias cidades do Paran\u00e1. As mais atingidas est\u00e3o nas microrregi\u00f5es de Francisco Beltr\u00e3o, Campo Mour\u00e3o e Guarapuava. Al\u00e9m de inunda\u00e7\u00f5es e alagamento das unidades operacionais, o temporal provocou queda de energia e danificou equipamentos de bombeamento. <\/p>\n\n\n\n<p>As equipes da Companhia trabalham para recuperar os sistemas de abastecimento de \u00e1gua o mais breve poss\u00edvel.Na regi\u00e3o de Campo Mour\u00e3o, nesta segunda-feira (30), o abastecimento de \u00e1gua est\u00e1 comprometido em Altamira do Paran\u00e1, Campina da Lagoa (e no Distrito Salles de Oliveira), Luiziana, Araruna (e no Distrito S\u00e3o Vicente), F\u00eanix, Mato Rico e nos distritos Sert\u00e3ozinho em Engenheiro Beltr\u00e3o e \u00c1guas de Jurema, em Iretama.Ainda pode ocorrer falta de \u00e1gua em Realeza, Dois Vizinhos, Cruzeiro do Igua\u00e7u, Planalto e Capanema, na regi\u00e3o de Francisco Beltr\u00e3o.<\/p>\n\n\n\n<p>Na regi\u00e3o de Pato Branco, os munic\u00edpios de Palmas e Itapejara do Oeste tamb\u00e9m est\u00e3o com o abastecimento comprometido.<\/p>\n\n\n\n<p>Na microrregi\u00e3o de Guarapuava, nas cidades de Pitanga, Cand\u00f3i, Quedas do Igua\u00e7u e Laranjeiras do Sul as unidades operacionais da Sanepar foram atingidas pelo temporal e o sistemas ainda n\u00e3o foram normalizados.<\/p>\n\n\n\n<p>A esta\u00e7\u00e3o de tratamento de \u00e1gua do munic\u00edpio de Reserva, na regi\u00e3o de Tel\u00eamaco Borba, est\u00e1 operando com 50% da capacidade, em raz\u00e3o da inunda\u00e7\u00e3o da capta\u00e7\u00e3o do Rio Maromba.As cidades de Almirante Tamandar\u00e9 e Lapa tamb\u00e9m ainda est\u00e3o com o abastecimento de \u00e1gua prejudicado.Nesta madrugada inundou o po\u00e7o que abastece o distrito de Dorizon, em Mallet, prejudicando o fornecimento de \u00e1gua.<\/p>\n\n\n\n<p>AEN<\/p>\n","protected":false},"excerpt":{"rendered":"<p>As fortes chuvas do fim de semana ainda causam reflexos no abastecimento de \u00e1gua em v\u00e1rias cidades do Paran\u00e1. As mais atingidas est\u00e3o nas microrregi\u00f5es de Francisco Beltr\u00e3o, Campo Mour\u00e3o e Guarapuava. Al\u00e9m de inunda\u00e7\u00f5es e alagamento das unidades operacionais, o temporal provocou queda de energia e danificou equipamentos de bombeamento. As equipes da Companhia [&hellip;]<\/p>\n","protected":false},"author":2,"featured_media":28383,"comment_status":"open","ping_status":"open","sticky":false,"template":"","format":"standard","meta":{"advanced_seo_description":"","jetpack_seo_html_title":"","jetpack_seo_noindex":false,"_jetpack_memberships_contains_paid_content":false,"footnotes":""},"categories":[40],"tags":[],"class_list":{"0":"post-55127","1":"post","2":"type-post","3":"status-publish","4":"format-standard","5":"has-post-thumbnail","7":"category-destaques"},"jetpack_featured_media_url":"https:\/\/www.paranapraia.com.br\/wp-content\/uploads\/2020\/07\/sedesaneparike170412.jpg","jetpack_sharing_enabled":true,"_links":{"self":[{"href":"https:\/\/www.paranapraia.com.br\/index.php\/wp-json\/wp\/v2\/posts\/55127"}],"collection":[{"href":"https:\/\/www.paranapraia.com.br\/index.php\/wp-json\/wp\/v2\/posts"}],"about":[{"href":"https:\/\/www.paranapraia.com.br\/index.php\/wp-json\/wp\/v2\/types\/post"}],"author":[{"embeddable":true,"href":"https:\/\/www.paranapraia.com.br\/index.php\/wp-json\/wp\/v2\/users\/2"}],"replies":[{"embeddable":true,"href":"https:\/\/www.paranapraia.com.br\/index.php\/wp-json\/wp\/v2\/comments?post=55127"}],"version-history":[{"count":1,"href":"https:\/\/www.paranapraia.com.br\/index.php\/wp-json\/wp\/v2\/posts\/55127\/revisions"}],"predecessor-version":[{"id":55129,"href":"https:\/\/www.paranapraia.com.br\/index.php\/wp-json\/wp\/v2\/posts\/55127\/revisions\/55129"}],"wp:featuredmedia":[{"embeddable":true,"href":"https:\/\/www.paranapraia.com.br\/index.php\/wp-json\/wp\/v2\/media\/28383"}],"wp:attachment":[{"href":"https:\/\/www.paranapraia.com.br\/index.php\/wp-json\/wp\/v2\/media?parent=55127"}],"wp:term":[{"taxonomy":"category","embeddable":true,"href":"https:\/\/www.paranapraia.com.br\/index.php\/wp-json\/wp\/v2\/categories?post=55127"},{"taxonomy":"post_tag","embeddable":true,"href":"https:\/\/www.paranapraia.com.br\/index.php\/wp-json\/wp\/v2\/tags?post=55127"}],"curies":[{"name":"wp","href":"https:\/\/api.w.org\/{rel}","templated":true}]}}