{"id":5488,"date":"2019-04-09T13:25:18","date_gmt":"2019-04-09T16:25:18","guid":{"rendered":"https:\/\/www.paranapraia.com.br\/?p=5488"},"modified":"2019-04-09T13:25:20","modified_gmt":"2019-04-09T16:25:20","slug":"desde-fevereiro-alunos-tem-aula-em-salas-sem-energia-eletrica-em-escola-de-ponta-grossa","status":"publish","type":"post","link":"https:\/\/www.paranapraia.com.br\/index.php\/2019\/04\/09\/desde-fevereiro-alunos-tem-aula-em-salas-sem-energia-eletrica-em-escola-de-ponta-grossa\/","title":{"rendered":"Desde fevereiro, alunos t\u00eam aula em salas sem energia el\u00e9trica em escola de Ponta Grossa"},"content":{"rendered":"\n<p>Novas salas de aula do Col\u00e9gio Estadual Professora Linda Salamuni Bacila s\u00e3o iluminadas apenas pela luz solar desde que foram inauguradas. <\/p>\n\n\n\n<p>Alunos do Col\u00e9gio Estadual Professora Linda Salamuni Bacila, em Ponta Grossa, nos Campos Gerais do Paran\u00e1, est\u00e3o estudando sem energia el\u00e9trica nas salas de aula desde fevereiro.<\/p>\n\n\n\n<p>A instala\u00e7\u00e3o el\u00e9trica n\u00e3o ficou pronta quando os alunos da escola passaram a usar oito novas salas e, desde ent\u00e3o, as aulas acontecem contando apenas com a ilumina\u00e7\u00e3o da luz solar.<\/p>\n\n\n\n<p>Em mar\u00e7o, o Instituto Paranaense de Desenvolvimento Educacional (Fundepar), respons\u00e1vel pela infraestrutura das escolas da rede estadual do Paran\u00e1, informou que, ao final da obra, foi necess\u00e1rio um aditivo por causa de uma readequa\u00e7\u00e3o do projeto el\u00e9trico.<\/p>\n\n\n\n<p>Na \u00e9poca, o Fundepar informou que as salas teriam energia el\u00e9trica at\u00e9 o final de mar\u00e7o, mas um m\u00eas depois o problema n\u00e3o foi solucionado.<\/p>\n\n\n\n<p>Os alunos reclamam que a falta de luz prejudica os estudos. &#8220;Estamos sofrendo com a falta de luz pra ler ou escrever um texto e at\u00e9 pra enxergar o quadro&#8221;, afirmou a estudante Helen Poliana.<\/p>\n\n\n\n<p>O Col\u00e9gio Estadual Professora Linda Salamuni Bacila tem cerca de 100 alunos.<\/p>\n\n\n\n<p>De acordo com a diretora da escola Jaqueline Maria Guimar\u00e3es, os alunos n\u00e3o podem voltar para as antigas salas por motivos de seguran\u00e7a.<\/p>\n\n\n\n<p>As aulas aconteciam em salas com estrutura de madeira e, quando a fia\u00e7\u00e3o foi trocada, os professores receberam a recomenda\u00e7\u00e3o de que n\u00e3o poderiam ligar os ventiladores para n\u00e3o sobrecarregar a rede el\u00e9trica.<\/p>\n\n\n\n<p>&#8220;Por seguran\u00e7a, eu preferi que eles ficassem sem luz, por que seria a curto prazo, como tinham me falado, do que estar em uma sala com luz, mas correndo risco&#8221;, afirmou a diretora.<\/p>\n\n\n\n<p>G1<\/p>\n","protected":false},"excerpt":{"rendered":"<p>Novas salas de aula do Col\u00e9gio Estadual Professora Linda Salamuni Bacila s\u00e3o iluminadas apenas pela luz solar desde que foram inauguradas. Alunos do Col\u00e9gio Estadual Professora Linda Salamuni Bacila, em Ponta Grossa, nos Campos Gerais do Paran\u00e1, est\u00e3o estudando sem energia el\u00e9trica nas salas de aula desde fevereiro. A instala\u00e7\u00e3o el\u00e9trica n\u00e3o ficou pronta quando [&hellip;]<\/p>\n","protected":false},"author":2,"featured_media":5489,"comment_status":"open","ping_status":"open","sticky":false,"template":"","format":"standard","meta":{"advanced_seo_description":"","jetpack_seo_html_title":"","jetpack_seo_noindex":false,"_jetpack_memberships_contains_paid_content":false,"footnotes":""},"categories":[1],"tags":[],"class_list":{"0":"post-5488","1":"post","2":"type-post","3":"status-publish","4":"format-standard","5":"has-post-thumbnail","7":"category-sem-categoria"},"jetpack_featured_media_url":"https:\/\/www.paranapraia.com.br\/wp-content\/uploads\/2019\/04\/escola-sem-luz-pga-2.jpg","jetpack_sharing_enabled":true,"_links":{"self":[{"href":"https:\/\/www.paranapraia.com.br\/index.php\/wp-json\/wp\/v2\/posts\/5488"}],"collection":[{"href":"https:\/\/www.paranapraia.com.br\/index.php\/wp-json\/wp\/v2\/posts"}],"about":[{"href":"https:\/\/www.paranapraia.com.br\/index.php\/wp-json\/wp\/v2\/types\/post"}],"author":[{"embeddable":true,"href":"https:\/\/www.paranapraia.com.br\/index.php\/wp-json\/wp\/v2\/users\/2"}],"replies":[{"embeddable":true,"href":"https:\/\/www.paranapraia.com.br\/index.php\/wp-json\/wp\/v2\/comments?post=5488"}],"version-history":[{"count":1,"href":"https:\/\/www.paranapraia.com.br\/index.php\/wp-json\/wp\/v2\/posts\/5488\/revisions"}],"predecessor-version":[{"id":5490,"href":"https:\/\/www.paranapraia.com.br\/index.php\/wp-json\/wp\/v2\/posts\/5488\/revisions\/5490"}],"wp:featuredmedia":[{"embeddable":true,"href":"https:\/\/www.paranapraia.com.br\/index.php\/wp-json\/wp\/v2\/media\/5489"}],"wp:attachment":[{"href":"https:\/\/www.paranapraia.com.br\/index.php\/wp-json\/wp\/v2\/media?parent=5488"}],"wp:term":[{"taxonomy":"category","embeddable":true,"href":"https:\/\/www.paranapraia.com.br\/index.php\/wp-json\/wp\/v2\/categories?post=5488"},{"taxonomy":"post_tag","embeddable":true,"href":"https:\/\/www.paranapraia.com.br\/index.php\/wp-json\/wp\/v2\/tags?post=5488"}],"curies":[{"name":"wp","href":"https:\/\/api.w.org\/{rel}","templated":true}]}}