{"id":5485,"date":"2019-04-09T13:24:01","date_gmt":"2019-04-09T16:24:01","guid":{"rendered":"https:\/\/www.paranapraia.com.br\/?p=5485"},"modified":"2019-04-09T13:24:02","modified_gmt":"2019-04-09T16:24:02","slug":"5-coisas-que-voce-precisa-saber-sobre-a-eleicao-em-israel","status":"publish","type":"post","link":"https:\/\/www.paranapraia.com.br\/index.php\/2019\/04\/09\/5-coisas-que-voce-precisa-saber-sobre-a-eleicao-em-israel\/","title":{"rendered":"5 coisas que voc\u00ea precisa saber sobre a elei\u00e7\u00e3o em Israel"},"content":{"rendered":"\n<p>Os israelenses v\u00e3o \u00e0s urnas nessa ter\u00e7a-feira para uma elei\u00e7\u00e3o geral que vai escolher um novo primeiro-ministro. O atual ocupante do cargo, Benjamin Netanyahu, est\u00e1 lutando para sobreviver politicamente.<\/p>\n\n\n\n<p>Abaixo, a BBC News listou cinco pontos centrais sobre essa elei\u00e7\u00e3o e o que esperar dela.<\/p>\n\n\n\n<h2 class=\"wp-block-heading\">1 &#8211; Essa \u00e9 a elei\u00e7\u00e3o mais disputada em Israel em muitos anos<\/h2>\n\n\n\n<p>Benjamin Netanyahu est\u00e1 no cargo desde 2009 e concorre ao seu quinto mandato como primeiro-ministro. Se for reeleito, ele ter\u00e1 ficado mais tempo no cargo do que David Ben-Gurion, fundador do pa\u00eds e se tornar\u00e1 o primeiro-ministro a ficar mais tempo como premi\u00ea.<\/p>\n\n\n\n<p>No entanto, Netanyahu enfrenta graves acusa\u00e7\u00f5es de corrup\u00e7\u00e3o. Ele ainda aguarda uma audi\u00eancia final com o procurador-geral do pa\u00eds. Nas elei\u00e7\u00f5es, seu principal concorrente \u00e9 o ex-general e ex-chefe das for\u00e7as armadas Benny Gantz.<\/p>\n\n\n\n<p>Gantz entrou para a pol\u00edtica recentemente e pode rivalizar com Netanyahu nas discuss\u00f5es sobre seguran\u00e7a &#8211; um dos temas mais importantes nessa elei\u00e7\u00e3o. Gantz tamb\u00e9m promete uma &#8220;pol\u00edtica mais limpa&#8221;.<\/p>\n\n\n\n<figure class=\"wp-block-image\"><img decoding=\"async\" src=\"https:\/\/ichef.bbci.co.uk\/news\/624\/cpsprodpb\/106EE\/production\/_106301376_a3877510-0030-42c5-a37a-85a1cc731644.jpg\" alt=\"Mulher prepara caixas de vota\u00e7\u00e3o no Comit\u00ea Central de Log\u00edstica Eleitoral em Shoham\"\/><figcaption>Image captionMais de 6,3 milh\u00f5es de israelenses est\u00e3o aptos para votar<\/figcaption><\/figure>\n\n\n\n<p>Sua alian\u00e7a centrista &#8211; formada por dois outros ex-chefes militares e um ex-apresentador de TV, Yair Lapid, &#8211; chegou a liderar pesquisas de inten\u00e7\u00e3o de voto, \u00e0 frente do partido Likud, de Netanyahu, embora a situa\u00e7\u00e3o tenha se invertido desde ent\u00e3o.<\/p>\n\n\n\n<p>A acirrada disputa tem tornado a campanha bastante agressiva &#8211; com xingamentos de ambos os lados. Os eleitores israelenses tendem a apoiar os candidatos com base em suas personalidades e lideran\u00e7a, e n\u00e3o tanto nas pol\u00edticas que prop\u00f5em.<\/p>\n\n\n\n<h2 class=\"wp-block-heading\">2 &#8211; O l\u00edder do partido com maior assentos no parlamento n\u00e3o necessariamente vira o primeiro-ministro<\/h2>\n\n\n\n<p>Nenhum partido \u00fanico conseguiu maioria dos assentos no parlamento &#8211; o pa\u00eds sempre teve governos de coaliz\u00e3o.<\/p>\n\n\n\n<p>Isso significa que o primeiro-ministro nem sempre \u00e9 a pessoa cujo partido tem mais votos, mas sim o l\u00edder que consegue reunir partidos suficientes para controlar ao menos 61 dos 120 assentos do Knesset, o parlamento do pa\u00eds.<\/p>\n\n\n\n<figure class=\"wp-block-image\"><img decoding=\"async\" src=\"https:\/\/ichef.bbci.co.uk\/news\/624\/cpsprodpb\/CF61\/production\/_106298035_gettyimages-1074992304.jpg\" alt=\"O primeiro ministro Benjamin Netanyahu (C-R) e ministros em uma sess\u00e3o no Knesset em 2018\"\/><figcaption>Image captionO partido que consegue mais assentos no Knesset pode n\u00e3o cosneguir formar um governo de coaliz\u00e3o<\/figcaption><\/figure>\n\n\n\n<p>Algumas pesquisas sugerem que Netanyahu tem mais chances de formar uma coaliz\u00e3o, pois o atual primeiro-ministro tem uma rela\u00e7\u00e3o mais pr\u00f3xima com partidos religiosos e de direita.<\/p>\n\n\n\n<p>Em uma medida amplamente criticada para bloquear assentos extras de direita, Netanyahu negociou um acordo tornando mais f\u00e1cil para os candidatos de um partido de extrema-direita, que muitos consideram racista, entrar no parlamento.<\/p>\n\n\n\n<h2 class=\"wp-block-heading\">3 &#8211; Planos de paz com os palestinos n\u00e3o foram destaque nos debates<\/h2>\n\n\n\n<p>Tens\u00f5es entre militantes palestinos e israelenses na fronteira de Gaza aumentaram nas \u00faltimas semanas. O presidente dos Estados Unidos, Donald Trump, deve publicar ap\u00f3s a elei\u00e7\u00e3o seu plano para lidar com o longo conflito entre israelenses e palestinos.<\/p>\n\n\n\n<p>No entanto, formas de reviver o moribundo processo de paz n\u00e3o se tornaram assunto do debate eleitoral. O p\u00fablico israelense tem pouca esperan\u00e7a na f\u00f3rmula internacional para a paz, a solu\u00e7\u00e3o de dois Estados.<\/p>\n\n\n\n<figure class=\"wp-block-image\"><img decoding=\"async\" src=\"https:\/\/ichef.bbci.co.uk\/news\/624\/cpsprodpb\/990B\/production\/_106297193_9fa89765-1507-4354-898a-8ddeaef623f5.jpg\" alt=\"A local photographer takes pictures as an Israeli border police member holds her back during the demolition of a Palestinian house whose owners said they were informed by the Israeli forces that they didn't obtain a construction license, in Beit Jala in the Israeli-occupied West Bank on 2 April 2019.\"\/><figcaption>Image captionO conflito entre Israel e Palestina n\u00e3o tem sido prioridade na discuss\u00e3o eleitoral<\/figcaption><\/figure>\n\n\n\n<p>Membros proeminentes da atual coaliz\u00e3o de direita de Netanyahu se op\u00f5em abertamente \u00e0 cria\u00e7\u00e3o de um Estado palestino e querem anexar boa parte da Cisjord\u00e2nia ocupada.<\/p>\n\n\n\n<p>A campanha da alian\u00e7a de Benny Grantz fala de &#8220;separa\u00e7\u00e3o&#8221; dos palestinos, mas n\u00e3o menciona especificamente que eles tenham um Estado.<\/p>\n\n\n\n<p>Os dois candidatos tamb\u00e9m apoiam uma Jerusal\u00e9m &#8220;unificada&#8221; como capital de Israel, embora os Palestinos exijam o leste da cidade como sua futura capital.<\/p>\n\n\n\n<p>A alian\u00e7a de Benny Gantz tamb\u00e9m pede pela continua\u00e7\u00e3o do controle do pa\u00eds sobre o Vale do Jord\u00e3o e a manuten\u00e7\u00e3o dos assentamentos judeus na Cisjord\u00e2nia. Os assentamentos s\u00e3o ilegais de acordo com a lei internacional, mas Israel discorda dessa vis\u00e3o.<\/p>\n\n\n\n<p>O partido trabalhista de Israel, que conseguiu fechar um acordo com a Palestina nos anos 1990 que foi um grande avan\u00e7o, perdeu apoio entre os eleitores.<\/p>\n\n\n\n<h2 class=\"wp-block-heading\">4. Grupos demogr\u00e1ficos ter\u00e3o um papel importante<\/h2>\n\n\n\n<p>Israel tem 6,3 milh\u00f5es de eleitores, e os grupos sociais, \u00e9tnicos e religiosos aos quais eles pertencem podem ser fator-chave em seus decis\u00f5es sobre o que fazer no dia da elei\u00e7\u00e3o.<\/p>\n\n\n\n<p>A popula\u00e7\u00e3o Haredi, ultra-ortodoxa, \u00e9 de mais de um milh\u00e3o de pessoas. Tradicionalmente, os judeus ultraortodoxos seguiam os conselhos de seus rabinos e votavam em partidos voltados para essa popula\u00e7\u00e3o.<\/p>\n\n\n\n<p>No entanto, cada vez mais ultraortodoxos est\u00e3o votando em partidos maiores, principalmente os partidos de direita. Entre as quest\u00f5es centrais para esse grupo, est\u00e1 o servi\u00e7o militar obrigat\u00f3rio para judeus ultraortodoxos (at\u00e9 2014 eles eram liberados ou serviam por curto per\u00edodo de tempo), que deve ser tratada novamente pelo pr\u00f3ximo parlamento.<\/p>\n\n\n\n<figure class=\"wp-block-image\"><img decoding=\"async\" src=\"https:\/\/ichef.bbci.co.uk\/news\/624\/cpsprodpb\/4AEB\/production\/_106297191_gettyimages-1056068970.jpg\" alt=\"Policial israelense dispersa grupo de judeus ultra-ortodoxos durante protesto contra o servi\u00e7o militar obrigat\u00f3rio\"\/><figcaption>Image captionLibera\u00e7\u00e3o do servi\u00e7o militar para judeus ultraortodoxos \u00e9 uma quest\u00e3o que divide a popula\u00e7\u00e3o<\/figcaption><\/figure>\n\n\n\n<p>\u00c1rabes israelenses s\u00e3o quase um quinto da popula\u00e7\u00e3o, mas pesquisas sugerem que menos da metade dos que t\u00eam direito a voto planejam votar nesta ter\u00e7a.<\/p>\n\n\n\n<p>O n\u00famero de \u00e1rabes que foram \u00e0s urnas aumentou em 2015, quando quatro partidos concorreram em uma coliga\u00e7\u00e3o \u00e1rabe, ocupando 13 cadeiras no parlamento. Mas o grupo se desfez para essa elei\u00e7\u00e3o.<\/p>\n\n\n\n<h2 class=\"wp-block-heading\">5. Uma figura inesperada pode se tornar influente<\/h2>\n\n\n\n<p>O l\u00edder do partido de direita ultranacionalista e libert\u00e1rio Zehut, Moshe Feiglin, pode se destacar como o nome mais influente para escolher o primeiro-ministro em futuras conversas sobre a forma\u00e7\u00e3o de coaliza\u00e7\u00f5es, j\u00e1 que as pesquisas apontam que o partido ter\u00e1 pelo menos quatro lugares no parlamento.<\/p>\n\n\n\n<p>Feiglin diz que n\u00e3o tem prefer\u00eancia entre Benjamin Netanyahu e Benny Gantz.<\/p>\n\n\n\n<figure class=\"wp-block-image\"><img decoding=\"async\" src=\"https:\/\/ichef.bbci.co.uk\/news\/624\/cpsprodpb\/80C9\/production\/_106296923_gettyimages-1134500733.jpg\" alt=\"Apoiador do partido Zehut finge fumar um baseado infl\u00e1vel em Tel Aviv\"\/><figcaption>Image captionLegaliza\u00e7\u00e3o da maconha se tornou um assunto quente nas \u00faltimas semanas<\/figcaption><\/figure>\n\n\n\n<p>Feiglin \u00e9 muito conhecido por defender a legaliza\u00e7\u00e3o da maconha, mas seu partido tem uma plataforma ecl\u00e9tica.<\/p>\n\n\n\n<p>Ele tem uma posi\u00e7\u00e3o dura em rela\u00e7\u00e3o aos palestinos e quer encoraj\u00e1-los a migrar da Cisjord\u00e2nia e de Gaza para outros pa\u00edses.<\/p>\n\n\n\n<p>Ele tamb\u00e9m quer que um terceiro tempo judaico seja constru\u00eddo no local santo em Jerusal\u00e9m conhecido pelos judeus como Montanha do Templo, mas que \u00e9 disputado pelos mu\u00e7ulmanos, que o conhecem como Haram al-Sharif, e que \u00e9 a localiza\u00e7\u00e3o da mesquita al-Aqsa.<\/p>\n\n\n\n<p>BBC<\/p>\n","protected":false},"excerpt":{"rendered":"<p>Os israelenses v\u00e3o \u00e0s urnas nessa ter\u00e7a-feira para uma elei\u00e7\u00e3o geral que vai escolher um novo primeiro-ministro. O atual ocupante do cargo, Benjamin Netanyahu, est\u00e1 lutando para sobreviver politicamente. Abaixo, a BBC News listou cinco pontos centrais sobre essa elei\u00e7\u00e3o e o que esperar dela. 1 &#8211; Essa \u00e9 a elei\u00e7\u00e3o mais disputada em Israel [&hellip;]<\/p>\n","protected":false},"author":2,"featured_media":5486,"comment_status":"open","ping_status":"open","sticky":false,"template":"","format":"standard","meta":{"advanced_seo_description":"","jetpack_seo_html_title":"","jetpack_seo_noindex":false,"_jetpack_memberships_contains_paid_content":false,"footnotes":""},"categories":[55],"tags":[],"class_list":{"0":"post-5485","1":"post","2":"type-post","3":"status-publish","4":"format-standard","5":"has-post-thumbnail","7":"category-curiosidades"},"jetpack_featured_media_url":"https:\/\/www.paranapraia.com.br\/wp-content\/uploads\/2019\/04\/sad.jpg","jetpack_sharing_enabled":true,"_links":{"self":[{"href":"https:\/\/www.paranapraia.com.br\/index.php\/wp-json\/wp\/v2\/posts\/5485"}],"collection":[{"href":"https:\/\/www.paranapraia.com.br\/index.php\/wp-json\/wp\/v2\/posts"}],"about":[{"href":"https:\/\/www.paranapraia.com.br\/index.php\/wp-json\/wp\/v2\/types\/post"}],"author":[{"embeddable":true,"href":"https:\/\/www.paranapraia.com.br\/index.php\/wp-json\/wp\/v2\/users\/2"}],"replies":[{"embeddable":true,"href":"https:\/\/www.paranapraia.com.br\/index.php\/wp-json\/wp\/v2\/comments?post=5485"}],"version-history":[{"count":1,"href":"https:\/\/www.paranapraia.com.br\/index.php\/wp-json\/wp\/v2\/posts\/5485\/revisions"}],"predecessor-version":[{"id":5487,"href":"https:\/\/www.paranapraia.com.br\/index.php\/wp-json\/wp\/v2\/posts\/5485\/revisions\/5487"}],"wp:featuredmedia":[{"embeddable":true,"href":"https:\/\/www.paranapraia.com.br\/index.php\/wp-json\/wp\/v2\/media\/5486"}],"wp:attachment":[{"href":"https:\/\/www.paranapraia.com.br\/index.php\/wp-json\/wp\/v2\/media?parent=5485"}],"wp:term":[{"taxonomy":"category","embeddable":true,"href":"https:\/\/www.paranapraia.com.br\/index.php\/wp-json\/wp\/v2\/categories?post=5485"},{"taxonomy":"post_tag","embeddable":true,"href":"https:\/\/www.paranapraia.com.br\/index.php\/wp-json\/wp\/v2\/tags?post=5485"}],"curies":[{"name":"wp","href":"https:\/\/api.w.org\/{rel}","templated":true}]}}