{"id":54368,"date":"2023-09-21T15:19:36","date_gmt":"2023-09-21T18:19:36","guid":{"rendered":"https:\/\/www.paranapraia.com.br\/?p=54368"},"modified":"2023-09-21T15:19:37","modified_gmt":"2023-09-21T18:19:37","slug":"comissao-para-discutir-aperfeicoamento-da-duplicacao-da-pr-412-e-defendida-pelo-prefeito-parlamentares-e-empresarios","status":"publish","type":"post","link":"https:\/\/www.paranapraia.com.br\/index.php\/2023\/09\/21\/comissao-para-discutir-aperfeicoamento-da-duplicacao-da-pr-412-e-defendida-pelo-prefeito-parlamentares-e-empresarios\/","title":{"rendered":"Comiss\u00e3o para discutir aperfei\u00e7oamento da duplica\u00e7\u00e3o da PR-412 \u00e9 defendida pelo prefeito, parlamentares e empres\u00e1rios"},"content":{"rendered":"\n<p>O prefeito Z\u00e9 da Ecler e um grupo de empres\u00e1rios de Matinhos estiveram em Curitiba, onde participaram de uma reuni\u00e3o na Secretaria de Estado da Infraestrutura e Log\u00edstica. No encontro, que aconteceu nesta ter\u00e7a-feira (19), foi defendida a cria\u00e7\u00e3o de uma comiss\u00e3o para debater o aperfei\u00e7oamento do projeto de duplica\u00e7\u00e3o da PR-412, entre a nossa cidade e Pontal do Paran\u00e1.<\/p>\n\n\n\n<p>Representantes do com\u00e9rcio de Matinhos consideram que o projeto apresentado pelo DER-PR precisa de uma revis\u00e3o para melhorar a mobilidade de pedestres e ve\u00edculos. Os comerciantes entendem que 70% das pessoas que vivem na regi\u00e3o, ou que passam o ver\u00e3o nos balne\u00e1rios cortados pela PR-412, t\u00eam que fazer a travessia da rodovia para chegar at\u00e9 a praia.<\/p>\n\n\n\n<p>De acordo com representantes do com\u00e9rcio de Matinhos, o projeto apresentado pelo DER necessitaria de uma revis\u00e3o para melhorar a mobilidade de pedestres e ve\u00edculos. Os comerciantes avaliam que 70% das pessoas que vivem na regi\u00e3o, ou que passam o ver\u00e3o nos balne\u00e1rios cortados pela PR-412, t\u00eam que fazer a travessia da rodovia para chegar at\u00e9 a praia.<\/p>\n\n\n\n<p>O prefeito Z\u00e9 da Ecler e os empres\u00e1rios entendem que do jeito que est\u00e1, o projeto obstrui os acessos aos restaurantes e outros estabelecimentos que ficam no entorno da rodovia. Segundo eles, Matinhos seria transformada num mero \u201clocal de passagem\u201d para quem busca acessar o ferryboat via PR-412.<\/p>\n\n\n\n<p>Foi consenso na reuni\u00e3o que a forma\u00e7\u00e3o de uma comiss\u00e3o com representantes das prefeituras, sociedade civil e da equipe do DER pode ajudar a chegar a uma solu\u00e7\u00e3o que atenda a quest\u00e3o t\u00e9cnica e os anseios dos comerciantes, veranistas e da popula\u00e7\u00e3o do litoral<\/p>\n\n\n\n<p>O encontro com o prefeito Z\u00e9 da Ecler e comerciantes de Matinhos foi conduzido pelo secret\u00e1rio estadual de Infraestrutura e Log\u00edstica Sandro Alex, e teve a participa\u00e7\u00e3o dos deputados Luiz Claudio Romanelli (PSD), Alexandre Curi (PSD) e Anibelli Neto (MDB), al\u00e9m de representantes da sociedade civil do Litoral.<\/p>\n\n\n\n<p>Com informa\u00e7\u00f5es da ALEP<\/p>\n\n\n\n<p>Departamento de Comunica\u00e7\u00e3o<br>Prefeitura de Matinhos<\/p>\n","protected":false},"excerpt":{"rendered":"<p>O prefeito Z\u00e9 da Ecler e um grupo de empres\u00e1rios de Matinhos estiveram em Curitiba, onde participaram de uma reuni\u00e3o na Secretaria de Estado da Infraestrutura e Log\u00edstica. No encontro, que aconteceu nesta ter\u00e7a-feira (19), foi defendida a cria\u00e7\u00e3o de uma comiss\u00e3o para debater o aperfei\u00e7oamento do projeto de duplica\u00e7\u00e3o da PR-412, entre a nossa [&hellip;]<\/p>\n","protected":false},"author":2,"featured_media":54369,"comment_status":"open","ping_status":"open","sticky":false,"template":"","format":"standard","meta":{"advanced_seo_description":"","jetpack_seo_html_title":"","jetpack_seo_noindex":false,"_jetpack_memberships_contains_paid_content":false,"footnotes":""},"categories":[88],"tags":[],"class_list":{"0":"post-54368","1":"post","2":"type-post","3":"status-publish","4":"format-standard","5":"has-post-thumbnail","7":"category-matinhos"},"jetpack_featured_media_url":"https:\/\/www.paranapraia.com.br\/wp-content\/uploads\/2023\/09\/FB_IMG_1695320316363.jpg","jetpack_sharing_enabled":true,"_links":{"self":[{"href":"https:\/\/www.paranapraia.com.br\/index.php\/wp-json\/wp\/v2\/posts\/54368"}],"collection":[{"href":"https:\/\/www.paranapraia.com.br\/index.php\/wp-json\/wp\/v2\/posts"}],"about":[{"href":"https:\/\/www.paranapraia.com.br\/index.php\/wp-json\/wp\/v2\/types\/post"}],"author":[{"embeddable":true,"href":"https:\/\/www.paranapraia.com.br\/index.php\/wp-json\/wp\/v2\/users\/2"}],"replies":[{"embeddable":true,"href":"https:\/\/www.paranapraia.com.br\/index.php\/wp-json\/wp\/v2\/comments?post=54368"}],"version-history":[{"count":1,"href":"https:\/\/www.paranapraia.com.br\/index.php\/wp-json\/wp\/v2\/posts\/54368\/revisions"}],"predecessor-version":[{"id":54370,"href":"https:\/\/www.paranapraia.com.br\/index.php\/wp-json\/wp\/v2\/posts\/54368\/revisions\/54370"}],"wp:featuredmedia":[{"embeddable":true,"href":"https:\/\/www.paranapraia.com.br\/index.php\/wp-json\/wp\/v2\/media\/54369"}],"wp:attachment":[{"href":"https:\/\/www.paranapraia.com.br\/index.php\/wp-json\/wp\/v2\/media?parent=54368"}],"wp:term":[{"taxonomy":"category","embeddable":true,"href":"https:\/\/www.paranapraia.com.br\/index.php\/wp-json\/wp\/v2\/categories?post=54368"},{"taxonomy":"post_tag","embeddable":true,"href":"https:\/\/www.paranapraia.com.br\/index.php\/wp-json\/wp\/v2\/tags?post=54368"}],"curies":[{"name":"wp","href":"https:\/\/api.w.org\/{rel}","templated":true}]}}