{"id":54365,"date":"2023-09-21T15:17:07","date_gmt":"2023-09-21T18:17:07","guid":{"rendered":"https:\/\/www.paranapraia.com.br\/?p=54365"},"modified":"2023-09-21T15:17:07","modified_gmt":"2023-09-21T18:17:07","slug":"membros-da-gestao-sao-submetidos-a-pesquisa-sobre-informacoes-basicas-de-matinhos","status":"publish","type":"post","link":"https:\/\/www.paranapraia.com.br\/index.php\/2023\/09\/21\/membros-da-gestao-sao-submetidos-a-pesquisa-sobre-informacoes-basicas-de-matinhos\/","title":{"rendered":"Membros da gest\u00e3o s\u00e3o submetidos \u00e0 pesquisa sobre informa\u00e7\u00f5es b\u00e1sicas de Matinhos"},"content":{"rendered":"\n<p>Alguns entes da Administra\u00e7\u00e3o Municipal passaram nesta quarta-feira (20) pela Pesquisa de Informa\u00e7\u00f5es B\u00e1sicas Municipais (MUNIC), do IBGE. A respons\u00e1vel pelo setor litoral do instituto, Ana L\u00edvia, entregou o question\u00e1rio a secret\u00e1rios e diretores da Prefeitura de Matinhos.<\/p>\n\n\n\n<p>Prevista para acontecer no litoral entre setembro e novembro de 2023 em todas as prefeituras, a coleta de dados \u00e9 feita anualmente, com exce\u00e7\u00e3o dos anos em que acontece o Censo Demogr\u00e1fico. Os resultados devem ser divulgados em setembro de 2024. Em 2023, a MUNIC vai a campo com o Suplemento de Saneamento, que contempla dois temas: limpeza urbana e manejo de res\u00edduos s\u00f3lidos; e drenagem e manejo de \u00e1guas pluviais.<\/p>\n\n\n\n<p>As Pesquisas de Informa\u00e7\u00f5es B\u00e1sicas Municipais (MUNIC) e Estaduais (ESTADIC) trazem dados sobre as institui\u00e7\u00f5es p\u00fablicas municipais e estaduais. \u00c9 um levantamento de dados relacionados \u00e0 estrutura, \u00e0 din\u00e2mica e ao funcionamento dos \u00f3rg\u00e3os p\u00fablicos municipais e estaduais, em especial a Prefeitura na MUNIC, e o Governo do Estado na ESTADIC. A MUNIC \u00e9 realizada desde 1999, enquanto a ESTADIC teve sua primeira edi\u00e7\u00e3o em 2012.<\/p>\n\n\n\n<p>Ana L\u00edvia se reuniu com o chefe de Gabinete, Carlos Valderi; os secret\u00e1rios de Assist\u00eancia Social, Enelida Ramos de Lima; e de Meio Ambiente, S\u00e9rgio Cioli; os diretores-gerais de Recursos Humanos, Jefferson Mantovani; da Sa\u00fade, Foed Smaka; e Administra\u00e7\u00e3o, Ant\u00f4nio Carlos Leite de Oliveira; o assessor jur\u00eddico do Gabinete, Leonardo Lu\u00eds da Silva; e as nutricionistas da Secretaria de Educa\u00e7\u00e3o, J\u00e9ssica Rodrigues e C\u00e9lia Regina Pedroso.<\/p>\n\n\n\n<p>Departamento de Comunica\u00e7\u00e3o<br>Prefeitura de Matinhos<\/p>\n","protected":false},"excerpt":{"rendered":"<p>Alguns entes da Administra\u00e7\u00e3o Municipal passaram nesta quarta-feira (20) pela Pesquisa de Informa\u00e7\u00f5es B\u00e1sicas Municipais (MUNIC), do IBGE. A respons\u00e1vel pelo setor litoral do instituto, Ana L\u00edvia, entregou o question\u00e1rio a secret\u00e1rios e diretores da Prefeitura de Matinhos. Prevista para acontecer no litoral entre setembro e novembro de 2023 em todas as prefeituras, a coleta [&hellip;]<\/p>\n","protected":false},"author":2,"featured_media":54366,"comment_status":"open","ping_status":"open","sticky":false,"template":"","format":"standard","meta":{"advanced_seo_description":"","jetpack_seo_html_title":"","jetpack_seo_noindex":false,"_jetpack_memberships_contains_paid_content":false,"footnotes":""},"categories":[88],"tags":[],"class_list":{"0":"post-54365","1":"post","2":"type-post","3":"status-publish","4":"format-standard","5":"has-post-thumbnail","7":"category-matinhos"},"jetpack_featured_media_url":"https:\/\/www.paranapraia.com.br\/wp-content\/uploads\/2023\/09\/FB_IMG_1695320178451.jpg","jetpack_sharing_enabled":true,"_links":{"self":[{"href":"https:\/\/www.paranapraia.com.br\/index.php\/wp-json\/wp\/v2\/posts\/54365"}],"collection":[{"href":"https:\/\/www.paranapraia.com.br\/index.php\/wp-json\/wp\/v2\/posts"}],"about":[{"href":"https:\/\/www.paranapraia.com.br\/index.php\/wp-json\/wp\/v2\/types\/post"}],"author":[{"embeddable":true,"href":"https:\/\/www.paranapraia.com.br\/index.php\/wp-json\/wp\/v2\/users\/2"}],"replies":[{"embeddable":true,"href":"https:\/\/www.paranapraia.com.br\/index.php\/wp-json\/wp\/v2\/comments?post=54365"}],"version-history":[{"count":1,"href":"https:\/\/www.paranapraia.com.br\/index.php\/wp-json\/wp\/v2\/posts\/54365\/revisions"}],"predecessor-version":[{"id":54367,"href":"https:\/\/www.paranapraia.com.br\/index.php\/wp-json\/wp\/v2\/posts\/54365\/revisions\/54367"}],"wp:featuredmedia":[{"embeddable":true,"href":"https:\/\/www.paranapraia.com.br\/index.php\/wp-json\/wp\/v2\/media\/54366"}],"wp:attachment":[{"href":"https:\/\/www.paranapraia.com.br\/index.php\/wp-json\/wp\/v2\/media?parent=54365"}],"wp:term":[{"taxonomy":"category","embeddable":true,"href":"https:\/\/www.paranapraia.com.br\/index.php\/wp-json\/wp\/v2\/categories?post=54365"},{"taxonomy":"post_tag","embeddable":true,"href":"https:\/\/www.paranapraia.com.br\/index.php\/wp-json\/wp\/v2\/tags?post=54365"}],"curies":[{"name":"wp","href":"https:\/\/api.w.org\/{rel}","templated":true}]}}