{"id":54359,"date":"2023-09-21T09:25:17","date_gmt":"2023-09-21T12:25:17","guid":{"rendered":"https:\/\/www.paranapraia.com.br\/?p=54359"},"modified":"2023-09-21T09:25:17","modified_gmt":"2023-09-21T12:25:17","slug":"reuniao-define-cronograma-da-operacao-rondon-parana-em-guaratuba","status":"publish","type":"post","link":"https:\/\/www.paranapraia.com.br\/index.php\/2023\/09\/21\/reuniao-define-cronograma-da-operacao-rondon-parana-em-guaratuba\/","title":{"rendered":"Reuni\u00e3o define cronograma da Opera\u00e7\u00e3o Rondon Paran\u00e1 em Guaratuba"},"content":{"rendered":"\n<p>Na ter\u00e7a-feira (19), a coordena\u00e7\u00e3o da Opera\u00e7\u00e3o Rondon Paran\u00e1 se reuniu com representantes da Prefeitura para elaborar o cronograma das atividades do projeto que inicia em Guaratuba no dia 12 e vai at\u00e9 dia 20 de outubro.<\/p>\n\n\n\n<p> A reuni\u00e3o ocorreu na sede da Secretaria Municipal da Cultura e Turismo, Casar\u00e3o Marc\u00edlio Dias no Espa\u00e7o Litoral. Na oportunidade tamb\u00e9m foram visitados os locais que ocorrer\u00e3o as oficinais e tamb\u00e9m uma outra reuni\u00e3o aconteceu no Servi\u00e7o de Conviv\u00eancia e Fortalecimento de V\u00ednculo dos Idosos.<\/p>\n\n\n\n<p><br>A Opera\u00e7\u00e3o Rondon Paran\u00e1 prev\u00ea a realiza\u00e7\u00e3o de uma s\u00e9rie de a\u00e7\u00f5es de extens\u00e3o universit\u00e1ria voltadas \u00e0 cidadania, cultura e solidariedade. As secretarias municipais definiram previamente quais projetos ser\u00e3o aplicados no munic\u00edpio. <\/p>\n\n\n\n<p>A Opera\u00e7\u00e3o Rondon Paran\u00e1 ir\u00e1 possibilitar que professores e estudantes universit\u00e1rios de v\u00e1rias \u00e1reas do conhecimento desenvolvam, voluntariamente, atividades participativas e colaborativas com as comunidades e lideran\u00e7as locais. Ser\u00e3o 24 participantes rondonistas, sendo 4 professores e 20 estudantes de gradua\u00e7\u00e3o e p\u00f3s-gradua\u00e7\u00e3o.<\/p>\n\n\n\n<p><br>As atividades abrangem cultura, direitos humanos, educa\u00e7\u00e3o, inclus\u00e3o social, meio ambiente, sa\u00fade, tecnologia, entre outros temas.<\/p>\n\n\n\n<p><br>A iniciativa \u00e9 da Secretaria de Estado da Ci\u00eancia, Tecnologia e Ensino Superior do Paran\u00e1 (Seti), em parceria com as universidades p\u00fablicas e privadas. Semelhante ao Projeto Rondon do governo federal, coordenado pelo Minist\u00e9rio da Defesa, a vers\u00e3o paranaense tem foco na forma\u00e7\u00e3o cidad\u00e3 dos estudantes, sem perder de vista a responsabilidade social e a sustentabilidade ambiental.<br>Participaram da reuni\u00e3o o prefeito Roberto Justus, a ouvidora Nilsa Borges que ser\u00e1 a respons\u00e1vel em atender o projeto na cidade, a secretaria da Educa\u00e7\u00e3o Fernanda Monteiro, o secret\u00e1rio do meio ambiente Carlos Eduardo Eduardo Nunes dos Santos, a secretaria do Bem Estar e Promo\u00e7\u00e3o Social Maricel Auer, o subprefeito da \u00e1rea rural Paulo Pinna, a diretora da secretaria do Turismo Angelita Bispo, o professor da Universidade Estadual de Londrina (UEL), Carlos Alberto Miqueloto, os professores da Universidade Estadual de Ponta Grossa (UEPG), Mario Lopes e Laura Mattana.<\/p>\n\n\n\n<p>Assessoria <\/p>\n","protected":false},"excerpt":{"rendered":"<p>Na ter\u00e7a-feira (19), a coordena\u00e7\u00e3o da Opera\u00e7\u00e3o Rondon Paran\u00e1 se reuniu com representantes da Prefeitura para elaborar o cronograma das atividades do projeto que inicia em Guaratuba no dia 12 e vai at\u00e9 dia 20 de outubro. A reuni\u00e3o ocorreu na sede da Secretaria Municipal da Cultura e Turismo, Casar\u00e3o Marc\u00edlio Dias no Espa\u00e7o Litoral. [&hellip;]<\/p>\n","protected":false},"author":2,"featured_media":54360,"comment_status":"open","ping_status":"open","sticky":false,"template":"","format":"standard","meta":{"advanced_seo_description":"","jetpack_seo_html_title":"","jetpack_seo_noindex":false,"_jetpack_memberships_contains_paid_content":false,"footnotes":""},"categories":[99],"tags":[],"class_list":{"0":"post-54359","1":"post","2":"type-post","3":"status-publish","4":"format-standard","5":"has-post-thumbnail","7":"category-guaratuba"},"jetpack_featured_media_url":"https:\/\/www.paranapraia.com.br\/wp-content\/uploads\/2023\/09\/FB_IMG_1695299042582.jpg","jetpack_sharing_enabled":true,"_links":{"self":[{"href":"https:\/\/www.paranapraia.com.br\/index.php\/wp-json\/wp\/v2\/posts\/54359"}],"collection":[{"href":"https:\/\/www.paranapraia.com.br\/index.php\/wp-json\/wp\/v2\/posts"}],"about":[{"href":"https:\/\/www.paranapraia.com.br\/index.php\/wp-json\/wp\/v2\/types\/post"}],"author":[{"embeddable":true,"href":"https:\/\/www.paranapraia.com.br\/index.php\/wp-json\/wp\/v2\/users\/2"}],"replies":[{"embeddable":true,"href":"https:\/\/www.paranapraia.com.br\/index.php\/wp-json\/wp\/v2\/comments?post=54359"}],"version-history":[{"count":1,"href":"https:\/\/www.paranapraia.com.br\/index.php\/wp-json\/wp\/v2\/posts\/54359\/revisions"}],"predecessor-version":[{"id":54361,"href":"https:\/\/www.paranapraia.com.br\/index.php\/wp-json\/wp\/v2\/posts\/54359\/revisions\/54361"}],"wp:featuredmedia":[{"embeddable":true,"href":"https:\/\/www.paranapraia.com.br\/index.php\/wp-json\/wp\/v2\/media\/54360"}],"wp:attachment":[{"href":"https:\/\/www.paranapraia.com.br\/index.php\/wp-json\/wp\/v2\/media?parent=54359"}],"wp:term":[{"taxonomy":"category","embeddable":true,"href":"https:\/\/www.paranapraia.com.br\/index.php\/wp-json\/wp\/v2\/categories?post=54359"},{"taxonomy":"post_tag","embeddable":true,"href":"https:\/\/www.paranapraia.com.br\/index.php\/wp-json\/wp\/v2\/tags?post=54359"}],"curies":[{"name":"wp","href":"https:\/\/api.w.org\/{rel}","templated":true}]}}