{"id":54356,"date":"2023-09-21T09:20:25","date_gmt":"2023-09-21T12:20:25","guid":{"rendered":"https:\/\/www.paranapraia.com.br\/?p=54356"},"modified":"2023-09-21T09:20:26","modified_gmt":"2023-09-21T12:20:26","slug":"lote-2-preve-duplicacao-de-13-km-da-pr-407-principal-acesso-para-pontal-do-parana-no-litoral","status":"publish","type":"post","link":"https:\/\/www.paranapraia.com.br\/index.php\/2023\/09\/21\/lote-2-preve-duplicacao-de-13-km-da-pr-407-principal-acesso-para-pontal-do-parana-no-litoral\/","title":{"rendered":"Lote 2 prev\u00ea duplica\u00e7\u00e3o de 13 km da PR-407, principal acesso para Pontal do Paran\u00e1, no Litoral"},"content":{"rendered":"\n<p>Al\u00e9m da integralidade da BR-277 entre Paranagu\u00e1 e Curitiba, o Lote 2 das novas concess\u00f5es rodovi\u00e1rias do Paran\u00e1 voltar\u00e1 a atender todas as rodovias previamente concedidas do Litoral, garantindo servi\u00e7os de conserva\u00e7\u00e3o, atendimento ao usu\u00e1rio e uma das obras mais aguardadas por turistas e pela popula\u00e7\u00e3o de Pontal do Paran\u00e1. <\/p>\n\n\n\n<p>J\u00e1 no 4\u00ba ano de contrato ser\u00e1 executada a duplica\u00e7\u00e3o da PR-407, liga\u00e7\u00e3o entre Paranagu\u00e1 e Pontal do Paran\u00e1, em uma extens\u00e3o de 13,9 quil\u00f4metros, conectando os segmentos j\u00e1 duplicados no come\u00e7o e no final do trecho.Esse \u00e9 o terceiro texto da nova s\u00e9rie da Ag\u00eancia Estadual de Not\u00edcias (AEN) que apresenta as principais obras do Lote 2, que engloba Litoral, Campos Gerais e Norte Pioneiro. <\/p>\n\n\n\n<p>O primeiro explicou a moderniza\u00e7\u00e3o da BR-277, que ficar\u00e1 com tr\u00eas pistas em ambos os sentidos, e o segundo as grandes novidades do per\u00edmetro urbano de Paranagu\u00e1. Os pr\u00f3ximos textos v\u00e3o detalhar as obras na liga\u00e7\u00e3o Ponta Grossa &#8211; Seng\u00e9s, Jaguaria\u00edva &#8211; Jacarezinho e Corn\u00e9lio Proc\u00f3pio &#8211; Jacarezinho.A rodovia vai ganhar tamb\u00e9m vias marginais em ambos os sentidos em Paranagu\u00e1, em uma extens\u00e3o de 2,3 km a partir do campus Paranagu\u00e1 do Instituto Federal do Paran\u00e1 (IFPR), e outros 1,6 km em Pontal, no trecho duplicado.<\/p>\n\n\n\n<p>O trecho da PR-407 que vai ganhar vias marginais em Paranagu\u00e1 passar\u00e1 a contar com ciclovias em ambos sentidos, com a mesma extens\u00e3o de 2,3 km. O modal tamb\u00e9m ser\u00e1 implantado em cerca de 1,3 km na PR-508, chegando em Matinhos.<\/p>\n\n\n\n<p><\/p>\n","protected":false},"excerpt":{"rendered":"<p>Al\u00e9m da integralidade da BR-277 entre Paranagu\u00e1 e Curitiba, o Lote 2 das novas concess\u00f5es rodovi\u00e1rias do Paran\u00e1 voltar\u00e1 a atender todas as rodovias previamente concedidas do Litoral, garantindo servi\u00e7os de conserva\u00e7\u00e3o, atendimento ao usu\u00e1rio e uma das obras mais aguardadas por turistas e pela popula\u00e7\u00e3o de Pontal do Paran\u00e1. J\u00e1 no 4\u00ba ano de [&hellip;]<\/p>\n","protected":false},"author":2,"featured_media":54357,"comment_status":"open","ping_status":"open","sticky":false,"template":"","format":"standard","meta":{"advanced_seo_description":"","jetpack_seo_html_title":"","jetpack_seo_noindex":false,"_jetpack_memberships_contains_paid_content":false,"footnotes":""},"categories":[65],"tags":[],"class_list":{"0":"post-54356","1":"post","2":"type-post","3":"status-publish","4":"format-standard","5":"has-post-thumbnail","7":"category-pontal-do-parana"},"jetpack_featured_media_url":"https:\/\/www.paranapraia.com.br\/wp-content\/uploads\/2023\/09\/pr407_pontaldoparana_foto_rdziura-0907-scaled.jpg","jetpack_sharing_enabled":true,"_links":{"self":[{"href":"https:\/\/www.paranapraia.com.br\/index.php\/wp-json\/wp\/v2\/posts\/54356"}],"collection":[{"href":"https:\/\/www.paranapraia.com.br\/index.php\/wp-json\/wp\/v2\/posts"}],"about":[{"href":"https:\/\/www.paranapraia.com.br\/index.php\/wp-json\/wp\/v2\/types\/post"}],"author":[{"embeddable":true,"href":"https:\/\/www.paranapraia.com.br\/index.php\/wp-json\/wp\/v2\/users\/2"}],"replies":[{"embeddable":true,"href":"https:\/\/www.paranapraia.com.br\/index.php\/wp-json\/wp\/v2\/comments?post=54356"}],"version-history":[{"count":1,"href":"https:\/\/www.paranapraia.com.br\/index.php\/wp-json\/wp\/v2\/posts\/54356\/revisions"}],"predecessor-version":[{"id":54358,"href":"https:\/\/www.paranapraia.com.br\/index.php\/wp-json\/wp\/v2\/posts\/54356\/revisions\/54358"}],"wp:featuredmedia":[{"embeddable":true,"href":"https:\/\/www.paranapraia.com.br\/index.php\/wp-json\/wp\/v2\/media\/54357"}],"wp:attachment":[{"href":"https:\/\/www.paranapraia.com.br\/index.php\/wp-json\/wp\/v2\/media?parent=54356"}],"wp:term":[{"taxonomy":"category","embeddable":true,"href":"https:\/\/www.paranapraia.com.br\/index.php\/wp-json\/wp\/v2\/categories?post=54356"},{"taxonomy":"post_tag","embeddable":true,"href":"https:\/\/www.paranapraia.com.br\/index.php\/wp-json\/wp\/v2\/tags?post=54356"}],"curies":[{"name":"wp","href":"https:\/\/api.w.org\/{rel}","templated":true}]}}