{"id":54349,"date":"2023-09-20T17:13:36","date_gmt":"2023-09-20T20:13:36","guid":{"rendered":"https:\/\/www.paranapraia.com.br\/?p=54349"},"modified":"2023-09-20T17:13:36","modified_gmt":"2023-09-20T20:13:36","slug":"parana-servira-de-modelo-para-novo-programa-habitacional-do-rio-de-janeiro","status":"publish","type":"post","link":"https:\/\/www.paranapraia.com.br\/index.php\/2023\/09\/20\/parana-servira-de-modelo-para-novo-programa-habitacional-do-rio-de-janeiro\/","title":{"rendered":"Paran\u00e1 servir\u00e1 de modelo para novo programa habitacional do Rio de Janeiro"},"content":{"rendered":"\n<p>O programa Casa F\u00e1cil Paran\u00e1, que j\u00e1 inspirou diversos estados e prefeituras, servir\u00e1 agora de modelo para o Governo do Estado do Rio de Janeiro. O acordo para importa\u00e7\u00e3o da pol\u00edtica habitacional adotada no Paran\u00e1 a partir de 2021 foi definido durante um encontro entre representantes dos dois estados no Rio Constru\u00e7\u00e3o Summit, evento que re\u00fane empres\u00e1rios, especialistas e gestores p\u00fablicos ligados ao setor, que come\u00e7ou nesta ter\u00e7a-feira (19) e segue at\u00e9 esta quinta (21), na capital fluminense.<\/p>\n\n\n\n<p>O termo de coopera\u00e7\u00e3o foi assinado pelo presidente da Companhia de Habita\u00e7\u00e3o do Paran\u00e1 (Cohapar), Jorge Lange, e o secret\u00e1rio estadual de Habita\u00e7\u00e3o de Interesse Social do Rio de Janeiro, Bruno Dauaire. O documento prev\u00ea que a empresa de economia mista vinculada ao Governo do Estado repassar\u00e1 \u00e0 equipe da pasta fluminense os sistemas e metodologias aplicadas ao Casa F\u00e1cil, cujos primeiros passos ser\u00e3o discutidos em um encontro marcado para a primeira semana de outubro.<\/p>\n\n\n\n<p>O foco principal da parceria \u00e9 a transfer\u00eancia de conhecimento em rela\u00e7\u00e3o \u00e0 modalidade de concess\u00e3o de subs\u00eddios financeiros. Criada em 2021 pelo governador Carlos Massa Ratinho Junior, ela j\u00e1 beneficiou mais de 30 mil fam\u00edlias paranaenses com aux\u00edlio financeiro para custeio do valor de entrada em im\u00f3veis financiados pela Caixa Econ\u00f4mica Federal.<\/p>\n\n\n\n<p>Recentemente, o governador anunciou uma segunda etapa do programa cuja meta \u00e9 atender mais 40 mil fam\u00edlias at\u00e9 o fim de 2026. Entre as mudan\u00e7as, est\u00e3o o aumento de R$ 15 mil para R$ 20 mil no subs\u00eddio por im\u00f3vel e a amplia\u00e7\u00e3o de tr\u00eas para quatro sal\u00e1rios m\u00ednimos na faixa de renda do p\u00fablico atendido.<\/p>\n\n\n\n<p>O presidente da Cohapar representou os estados brasileiros em uma mesa de debates com o secret\u00e1rio nacional de Habita\u00e7\u00e3o, Hailton Madureira de Almeida; a vice-presidente de Habita\u00e7\u00e3o da Caixa, In\u00eas Magalh\u00e3es; o governador Claudio Castro e o prefeito Eduardo Paes. No encontro, Langue defendeu o modelo adotado pelo Governo do Paran\u00e1 para redu\u00e7\u00e3o do crescente d\u00e9ficit habitacional.<\/p>\n\n\n\n<p>\u201cO termo de coopera\u00e7\u00e3o t\u00e9cnica que assinamos com o Rio de Janeiro para oferecer toda a tecnologia e expertise dos programas e projetos habitacionais desenvolvidos no Paran\u00e1 \u00e9 uma forma de ampliarmos ainda mais este modelo que tem dado certo no Estado. Nosso objetivo \u00e9 compartilhar esse conhecimento com cada vez mais governos estaduais e municipais para que o Casa F\u00e1cil seja levado para todo o Brasil\u201d, afirmou.<\/p>\n\n\n\n<p>AEN<\/p>\n","protected":false},"excerpt":{"rendered":"<p>O programa Casa F\u00e1cil Paran\u00e1, que j\u00e1 inspirou diversos estados e prefeituras, servir\u00e1 agora de modelo para o Governo do Estado do Rio de Janeiro. O acordo para importa\u00e7\u00e3o da pol\u00edtica habitacional adotada no Paran\u00e1 a partir de 2021 foi definido durante um encontro entre representantes dos dois estados no Rio Constru\u00e7\u00e3o Summit, evento que [&hellip;]<\/p>\n","protected":false},"author":2,"featured_media":54350,"comment_status":"open","ping_status":"open","sticky":false,"template":"","format":"standard","meta":{"advanced_seo_description":"","jetpack_seo_html_title":"","jetpack_seo_noindex":false,"_jetpack_memberships_contains_paid_content":false,"footnotes":""},"categories":[40],"tags":[],"class_list":{"0":"post-54349","1":"post","2":"type-post","3":"status-publish","4":"format-standard","5":"has-post-thumbnail","7":"category-destaques"},"jetpack_featured_media_url":"https:\/\/www.paranapraia.com.br\/wp-content\/uploads\/2023\/09\/implantacao_do_programa_casa_facil_parana_no_rio_de_janeiro_15.jpg","jetpack_sharing_enabled":true,"_links":{"self":[{"href":"https:\/\/www.paranapraia.com.br\/index.php\/wp-json\/wp\/v2\/posts\/54349"}],"collection":[{"href":"https:\/\/www.paranapraia.com.br\/index.php\/wp-json\/wp\/v2\/posts"}],"about":[{"href":"https:\/\/www.paranapraia.com.br\/index.php\/wp-json\/wp\/v2\/types\/post"}],"author":[{"embeddable":true,"href":"https:\/\/www.paranapraia.com.br\/index.php\/wp-json\/wp\/v2\/users\/2"}],"replies":[{"embeddable":true,"href":"https:\/\/www.paranapraia.com.br\/index.php\/wp-json\/wp\/v2\/comments?post=54349"}],"version-history":[{"count":1,"href":"https:\/\/www.paranapraia.com.br\/index.php\/wp-json\/wp\/v2\/posts\/54349\/revisions"}],"predecessor-version":[{"id":54352,"href":"https:\/\/www.paranapraia.com.br\/index.php\/wp-json\/wp\/v2\/posts\/54349\/revisions\/54352"}],"wp:featuredmedia":[{"embeddable":true,"href":"https:\/\/www.paranapraia.com.br\/index.php\/wp-json\/wp\/v2\/media\/54350"}],"wp:attachment":[{"href":"https:\/\/www.paranapraia.com.br\/index.php\/wp-json\/wp\/v2\/media?parent=54349"}],"wp:term":[{"taxonomy":"category","embeddable":true,"href":"https:\/\/www.paranapraia.com.br\/index.php\/wp-json\/wp\/v2\/categories?post=54349"},{"taxonomy":"post_tag","embeddable":true,"href":"https:\/\/www.paranapraia.com.br\/index.php\/wp-json\/wp\/v2\/tags?post=54349"}],"curies":[{"name":"wp","href":"https:\/\/api.w.org\/{rel}","templated":true}]}}