{"id":54343,"date":"2023-09-19T15:04:47","date_gmt":"2023-09-19T18:04:47","guid":{"rendered":"https:\/\/www.paranapraia.com.br\/?p=54343"},"modified":"2023-09-19T15:04:48","modified_gmt":"2023-09-19T18:04:48","slug":"inovacao-no-agro-paranaense-e-tema-de-evento-inedito-em-ponta-grossa","status":"publish","type":"post","link":"https:\/\/www.paranapraia.com.br\/index.php\/2023\/09\/19\/inovacao-no-agro-paranaense-e-tema-de-evento-inedito-em-ponta-grossa\/","title":{"rendered":"Inova\u00e7\u00e3o no agro paranaense \u00e9 tema de evento in\u00e9dito em Ponta Grossa"},"content":{"rendered":"\n<p>Ponta Grossa sedia a partir desta ter\u00e7a-feira (19) o 1\u00aa Transforma Agro, evento realizado pela prefeitura, com apoio do Governo do Estado, que abrange seis dias de atividades t\u00e9cnicas e de lazer, com entrada gratuita. <\/p>\n\n\n\n<p>O foco principal \u00e9 a divulga\u00e7\u00e3o e discuss\u00e3o dos avan\u00e7os tecnol\u00f3gicos na agricultura, com a participa\u00e7\u00e3o de diversas empresas dos setores agr\u00edcola, industrial, com\u00e9rcio e servi\u00e7os. <\/p>\n\n\n\n<p>O 1\u00aa Transforma Agro vai at\u00e9 domingo (22) no Centro de Eventos e Centro Agropecu\u00e1rio da cidade, das 9 \u00e0s 21 horas.O secret\u00e1rio estadual da Inova\u00e7\u00e3o, Moderniza\u00e7\u00e3o e Transforma\u00e7\u00e3o Digital, Marcelo Rangel, fez uma palestra na abertura da feira sobre investimentos em inova\u00e7\u00e3o no agro paranaense.<\/p>\n\n\n\n<p> \u201cO Governo do Paran\u00e1, atrav\u00e9s da Secretaria da Inova\u00e7\u00e3o, tem um olhar especial para o agro. Estamos trabalhando forte para levar avan\u00e7os ao setor, entre eles a conectividade na \u00e1rea rural. Para isso, estamos realizando uma for\u00e7a-tarefa juntamente com institui\u00e7\u00f5es governamentais, operadoras, cooperativas e demais entidades\u201d, afirmou.<\/p>\n\n\n\n<p>Ele destacou que o 1\u00aa Transforma Agro refor\u00e7a a regi\u00e3o dos Campos Gerais como uma pot\u00eancia para o setor agropecu\u00e1rio, destacando a import\u00e2ncia da inova\u00e7\u00e3o e tecnologia na agricultura.A feira conta com mais de 200 expositores, representando setores agr\u00edcolas, industriais, com\u00e9rcio e servi\u00e7os. Est\u00e3o programadas mais de 80 palestras, congressos, workshops e vitrines tecnol\u00f3gicas.<\/p>\n\n\n\n<p>Os visitantes t\u00eam a oportunidade de explorar uma variedade de atividades, desde exposi\u00e7\u00f5es de animais, parque de divers\u00f5es, pra\u00e7a de alimenta\u00e7\u00e3o, at\u00e9 passeios de bal\u00e3o e helic\u00f3ptero, apresenta\u00e7\u00f5es art\u00edsticas e culturais, al\u00e9m de um espa\u00e7o dedicado \u00e0s microcervejarias regionais.<\/p>\n\n\n\n<p>Um das grandes destaques ser\u00e1 a exposi\u00e7\u00e3o de ovinos e bovinos, com mais de mil animais de diversas ra\u00e7as em destaque. Os interessados ter\u00e3o a oportunidade de adquirir matrizes e reprodutores de v\u00e1rias ra\u00e7as, assistir a julgamentos conduzidos por ju\u00edzes especializados e acompanhar provas equestres em diferentes categorias e modalidades.<\/p>\n\n\n\n<p>A feira tamb\u00e9m contar\u00e1 com uma mostra de startups voltada para solu\u00e7\u00f5es no agroneg\u00f3cio, na Arena Transforma Agro. As participantes apresentar\u00e3o suas solu\u00e7\u00f5es no estande do Sebrae e estar\u00e3o dispon\u00edveis para intera\u00e7\u00e3o no espa\u00e7o dedicado a elas.<\/p>\n\n\n\n<p>TRABALHO DO IDR \u2013 Com o objetivo de capacitar profissionais que trabalham com a assist\u00eancia t\u00e9cnica direta aos produtores de gr\u00e3os, o IDR-Paran\u00e1 (Instituto de Desenvolvimento Rural do Paran\u00e1 \u2013 Iapar-Emater) tamb\u00e9m realiza, de 20 a 22 de setembro, em Ponta Grossa, o curso sobre Cultivo de Cereais de Inverno. O Estado tem entre 2 e 2,5 milh\u00f5es de hectares de solos agricult\u00e1veis ociosos no per\u00edodo do outono-inverno. Essa \u00e1rea pode ser ocupada com o plantio de culturas como trigo, triticale, aveia gran\u00edfera e cevada.<\/p>\n\n\n\n<p>AEN<\/p>\n","protected":false},"excerpt":{"rendered":"<p>Ponta Grossa sedia a partir desta ter\u00e7a-feira (19) o 1\u00aa Transforma Agro, evento realizado pela prefeitura, com apoio do Governo do Estado, que abrange seis dias de atividades t\u00e9cnicas e de lazer, com entrada gratuita. O foco principal \u00e9 a divulga\u00e7\u00e3o e discuss\u00e3o dos avan\u00e7os tecnol\u00f3gicos na agricultura, com a participa\u00e7\u00e3o de diversas empresas dos [&hellip;]<\/p>\n","protected":false},"author":2,"featured_media":54344,"comment_status":"open","ping_status":"open","sticky":false,"template":"","format":"standard","meta":{"advanced_seo_description":"","jetpack_seo_html_title":"","jetpack_seo_noindex":false,"_jetpack_memberships_contains_paid_content":false,"footnotes":""},"categories":[40],"tags":[],"class_list":{"0":"post-54343","1":"post","2":"type-post","3":"status-publish","4":"format-standard","5":"has-post-thumbnail","7":"category-destaques"},"jetpack_featured_media_url":"https:\/\/www.paranapraia.com.br\/wp-content\/uploads\/2023\/09\/whatsapp_image_2023-09-19_at_11.39.50_2-scaled.jpg","jetpack_sharing_enabled":true,"_links":{"self":[{"href":"https:\/\/www.paranapraia.com.br\/index.php\/wp-json\/wp\/v2\/posts\/54343"}],"collection":[{"href":"https:\/\/www.paranapraia.com.br\/index.php\/wp-json\/wp\/v2\/posts"}],"about":[{"href":"https:\/\/www.paranapraia.com.br\/index.php\/wp-json\/wp\/v2\/types\/post"}],"author":[{"embeddable":true,"href":"https:\/\/www.paranapraia.com.br\/index.php\/wp-json\/wp\/v2\/users\/2"}],"replies":[{"embeddable":true,"href":"https:\/\/www.paranapraia.com.br\/index.php\/wp-json\/wp\/v2\/comments?post=54343"}],"version-history":[{"count":1,"href":"https:\/\/www.paranapraia.com.br\/index.php\/wp-json\/wp\/v2\/posts\/54343\/revisions"}],"predecessor-version":[{"id":54345,"href":"https:\/\/www.paranapraia.com.br\/index.php\/wp-json\/wp\/v2\/posts\/54343\/revisions\/54345"}],"wp:featuredmedia":[{"embeddable":true,"href":"https:\/\/www.paranapraia.com.br\/index.php\/wp-json\/wp\/v2\/media\/54344"}],"wp:attachment":[{"href":"https:\/\/www.paranapraia.com.br\/index.php\/wp-json\/wp\/v2\/media?parent=54343"}],"wp:term":[{"taxonomy":"category","embeddable":true,"href":"https:\/\/www.paranapraia.com.br\/index.php\/wp-json\/wp\/v2\/categories?post=54343"},{"taxonomy":"post_tag","embeddable":true,"href":"https:\/\/www.paranapraia.com.br\/index.php\/wp-json\/wp\/v2\/tags?post=54343"}],"curies":[{"name":"wp","href":"https:\/\/api.w.org\/{rel}","templated":true}]}}