{"id":54334,"date":"2023-09-19T10:19:31","date_gmt":"2023-09-19T13:19:31","guid":{"rendered":"https:\/\/www.paranapraia.com.br\/?p=54334"},"modified":"2023-09-19T10:19:31","modified_gmt":"2023-09-19T13:19:31","slug":"reuniao-em-matinhos-abordou-beneficios-com-a-vinda-dos-navios-da-msc-ao-litoral","status":"publish","type":"post","link":"https:\/\/www.paranapraia.com.br\/index.php\/2023\/09\/19\/reuniao-em-matinhos-abordou-beneficios-com-a-vinda-dos-navios-da-msc-ao-litoral\/","title":{"rendered":"Reuni\u00e3o em Matinhos abordou benef\u00edcios com a vinda dos navios da MSC ao Litoral"},"content":{"rendered":"\n<p>Aconteceu nesta segunda-feira (18) uma reuni\u00e3o para definir o alinhamento dos servi\u00e7os navios da companhia de cruzeiros MSC com os interesses tur\u00edsticos de Matinhos. O encontro, promovido na sede da Secretaria de Turismo e Desenvolvimento Econ\u00f4mico, teve o envolvimento de diversas entidades.<\/p>\n\n\n\n<p>\u201cEssa reuni\u00e3o \u00e9 uma das etapas da organiza\u00e7\u00e3o junto ao Governo do Estado. Os encontros acontecem em todas as cidades envolvidas, para que possamos alinhar esse entendimento entre os servi\u00e7os que as cidades oferecem junto com a organiza\u00e7\u00e3o dos cruzeiros\u201d, esclareceu o secret\u00e1rio de Turismo e Desenvolvimento Econ\u00f4mico, Jos\u00e9 Lu\u00eds Leal.<\/p>\n\n\n\n<p>Estiveram na sede da pasta de Turismo tratando do assunto a secret\u00e1ria de Cultura e Turismo de Paranagu\u00e1, Maria Plahtyn; o presidente da Viaje Paran\u00e1, Irapuan Cortes; a representante da Secretaria de Estado de Turismo, Let\u00edcia Monteiro; e o presidente da ADETUR Litoral, Nelson Cotovicz.<\/p>\n\n\n\n<p>\u201cO turista de cruzeiro \u00e9 um turista que interessa muito \u00e0 cidade. Com o movimento feito para que Paranagu\u00e1 seja tamb\u00e9m um porto para receber cruzeiros, inclusive internacionais, n\u00f3s buscamos junto ao Governo do Estado uma proximidade para ver como Matinhos poderia usufruir disso\u201d, explicou o secret\u00e1rio.<\/p>\n\n\n\n<p>\u201cTodas as semanas, teremos cerca de 200 mil turistas desembarcando em Paranagu\u00e1. Por isso, fizemos um movimento junto aos envolvidos com turismo em Matinhos para que possamos oferecer pacotes de servi\u00e7os e buscar esses turistas l\u00e1 para que Matinhos possa receb\u00ea-los\u201d, complementou.<\/p>\n\n\n\n<figure class=\"wp-block-image size-large\"><img loading=\"lazy\" decoding=\"async\" width=\"1024\" height=\"576\" src=\"https:\/\/www.paranapraia.com.br\/wp-content\/uploads\/2023\/09\/FB_IMG_1695129463394-1024x576.jpg\" alt=\"\" class=\"wp-image-54336\" srcset=\"https:\/\/www.paranapraia.com.br\/wp-content\/uploads\/2023\/09\/FB_IMG_1695129463394-1024x576.jpg 1024w, https:\/\/www.paranapraia.com.br\/wp-content\/uploads\/2023\/09\/FB_IMG_1695129463394-300x169.jpg 300w, https:\/\/www.paranapraia.com.br\/wp-content\/uploads\/2023\/09\/FB_IMG_1695129463394-768x432.jpg 768w, https:\/\/www.paranapraia.com.br\/wp-content\/uploads\/2023\/09\/FB_IMG_1695129463394-696x392.jpg 696w, https:\/\/www.paranapraia.com.br\/wp-content\/uploads\/2023\/09\/FB_IMG_1695129463394-1068x601.jpg 1068w, https:\/\/www.paranapraia.com.br\/wp-content\/uploads\/2023\/09\/FB_IMG_1695129463394-746x420.jpg 746w, https:\/\/www.paranapraia.com.br\/wp-content\/uploads\/2023\/09\/FB_IMG_1695129463394.jpg 1080w\" sizes=\"(max-width: 1024px) 100vw, 1024px\" \/><\/figure>\n\n\n\n<p>Foram convidados representantes de entidades ligadas ao turismo e ao com\u00e9rcio de Matinhos. Segundo o presidente da Viaje Paran\u00e1, Irapuan Cortes, a MSC trar\u00e1 cruzeiros para o Litoral nesta e na pr\u00f3xima temporada de ver\u00e3o. Cortes ainda disse que existem negocia\u00e7\u00f5es com a Costa Cruzeiros tamb\u00e9m inclua a regi\u00e3o na rota de seus navios na temporada 2024\/2025.<\/p>\n\n\n\n<p>Departamento de Comunica\u00e7\u00e3o<br>Prefeitura de Matinhos<\/p>\n\n\n\n<p>Acesse o nosso portal: https:\/\/matinhos.atende.net\/cidadao\/noticia\/reuniao-na-pasta-de-turismo-abordou-beneficios-com-a-vinda-dos-navios-da-msc-ao-litoral<\/p>\n","protected":false},"excerpt":{"rendered":"<p>Aconteceu nesta segunda-feira (18) uma reuni\u00e3o para definir o alinhamento dos servi\u00e7os navios da companhia de cruzeiros MSC com os interesses tur\u00edsticos de Matinhos. O encontro, promovido na sede da Secretaria de Turismo e Desenvolvimento Econ\u00f4mico, teve o envolvimento de diversas entidades. \u201cEssa reuni\u00e3o \u00e9 uma das etapas da organiza\u00e7\u00e3o junto ao Governo do Estado. [&hellip;]<\/p>\n","protected":false},"author":2,"featured_media":54335,"comment_status":"open","ping_status":"open","sticky":false,"template":"","format":"standard","meta":{"advanced_seo_description":"","jetpack_seo_html_title":"","jetpack_seo_noindex":false,"_jetpack_memberships_contains_paid_content":false,"footnotes":""},"categories":[88],"tags":[],"class_list":{"0":"post-54334","1":"post","2":"type-post","3":"status-publish","4":"format-standard","5":"has-post-thumbnail","7":"category-matinhos"},"jetpack_featured_media_url":"https:\/\/www.paranapraia.com.br\/wp-content\/uploads\/2023\/09\/FB_IMG_1695129454916.jpg","jetpack_sharing_enabled":true,"_links":{"self":[{"href":"https:\/\/www.paranapraia.com.br\/index.php\/wp-json\/wp\/v2\/posts\/54334"}],"collection":[{"href":"https:\/\/www.paranapraia.com.br\/index.php\/wp-json\/wp\/v2\/posts"}],"about":[{"href":"https:\/\/www.paranapraia.com.br\/index.php\/wp-json\/wp\/v2\/types\/post"}],"author":[{"embeddable":true,"href":"https:\/\/www.paranapraia.com.br\/index.php\/wp-json\/wp\/v2\/users\/2"}],"replies":[{"embeddable":true,"href":"https:\/\/www.paranapraia.com.br\/index.php\/wp-json\/wp\/v2\/comments?post=54334"}],"version-history":[{"count":1,"href":"https:\/\/www.paranapraia.com.br\/index.php\/wp-json\/wp\/v2\/posts\/54334\/revisions"}],"predecessor-version":[{"id":54337,"href":"https:\/\/www.paranapraia.com.br\/index.php\/wp-json\/wp\/v2\/posts\/54334\/revisions\/54337"}],"wp:featuredmedia":[{"embeddable":true,"href":"https:\/\/www.paranapraia.com.br\/index.php\/wp-json\/wp\/v2\/media\/54335"}],"wp:attachment":[{"href":"https:\/\/www.paranapraia.com.br\/index.php\/wp-json\/wp\/v2\/media?parent=54334"}],"wp:term":[{"taxonomy":"category","embeddable":true,"href":"https:\/\/www.paranapraia.com.br\/index.php\/wp-json\/wp\/v2\/categories?post=54334"},{"taxonomy":"post_tag","embeddable":true,"href":"https:\/\/www.paranapraia.com.br\/index.php\/wp-json\/wp\/v2\/tags?post=54334"}],"curies":[{"name":"wp","href":"https:\/\/api.w.org\/{rel}","templated":true}]}}