{"id":54329,"date":"2023-09-18T19:55:42","date_gmt":"2023-09-18T22:55:42","guid":{"rendered":"https:\/\/www.paranapraia.com.br\/?p=54329"},"modified":"2023-09-18T19:55:43","modified_gmt":"2023-09-18T22:55:43","slug":"parquinho-na-pracinha-do-cohapar-e-entregue-a-populacao-de-guaratuba","status":"publish","type":"post","link":"https:\/\/www.paranapraia.com.br\/index.php\/2023\/09\/18\/parquinho-na-pracinha-do-cohapar-e-entregue-a-populacao-de-guaratuba\/","title":{"rendered":"Parquinho na Pracinha do Cohapar \u00e9 entregue \u00e0 popula\u00e7\u00e3o de Guaratuba"},"content":{"rendered":"\n<p>A divers\u00e3o e alegria das crian\u00e7as est\u00e1 garantida no parquinho infantil da Pra\u00e7a Luiz Moura, mais conhecida como \u201cPracinha do Cohapar\u201d, inaugurado no s\u00e1bado (16), instalado com recursos oriundos de emenda impositiva do Poder Legislativo.<\/p>\n\n\n\n<p><br>Al\u00e9m do parquinho no bairro Cohapar, outros dois parquinhos infantis ser\u00e3o instalados nos bairros Mirim e Pi\u00e7arras tamb\u00e9m oriundos de emenda impositiva da C\u00e2mara de Guaratuba.<\/p>\n\n\n\n<figure class=\"wp-block-gallery has-nested-images columns-1 is-cropped wp-block-gallery-1 is-layout-flex wp-block-gallery-is-layout-flex\">\n<figure class=\"wp-block-image size-large\"><img loading=\"lazy\" decoding=\"async\" width=\"1024\" height=\"672\" data-id=\"54331\" src=\"https:\/\/www.paranapraia.com.br\/wp-content\/uploads\/2023\/09\/FB_IMG_1695077608935-1024x672.jpg\" alt=\"\" class=\"wp-image-54331\" srcset=\"https:\/\/www.paranapraia.com.br\/wp-content\/uploads\/2023\/09\/FB_IMG_1695077608935-1024x672.jpg 1024w, https:\/\/www.paranapraia.com.br\/wp-content\/uploads\/2023\/09\/FB_IMG_1695077608935-300x197.jpg 300w, https:\/\/www.paranapraia.com.br\/wp-content\/uploads\/2023\/09\/FB_IMG_1695077608935-768x504.jpg 768w, https:\/\/www.paranapraia.com.br\/wp-content\/uploads\/2023\/09\/FB_IMG_1695077608935-696x457.jpg 696w, https:\/\/www.paranapraia.com.br\/wp-content\/uploads\/2023\/09\/FB_IMG_1695077608935-741x486.jpg 741w, https:\/\/www.paranapraia.com.br\/wp-content\/uploads\/2023\/09\/FB_IMG_1695077608935-1068x701.jpg 1068w, https:\/\/www.paranapraia.com.br\/wp-content\/uploads\/2023\/09\/FB_IMG_1695077608935-640x420.jpg 640w, https:\/\/www.paranapraia.com.br\/wp-content\/uploads\/2023\/09\/FB_IMG_1695077608935.jpg 1080w\" sizes=\"(max-width: 1024px) 100vw, 1024px\" \/><\/figure>\n\n\n\n<figure class=\"wp-block-image size-large\"><img loading=\"lazy\" decoding=\"async\" width=\"1024\" height=\"768\" data-id=\"54332\" src=\"https:\/\/www.paranapraia.com.br\/wp-content\/uploads\/2023\/09\/FB_IMG_1695077604162-1024x768.jpg\" alt=\"\" class=\"wp-image-54332\" srcset=\"https:\/\/www.paranapraia.com.br\/wp-content\/uploads\/2023\/09\/FB_IMG_1695077604162-1024x768.jpg 1024w, https:\/\/www.paranapraia.com.br\/wp-content\/uploads\/2023\/09\/FB_IMG_1695077604162-300x225.jpg 300w, https:\/\/www.paranapraia.com.br\/wp-content\/uploads\/2023\/09\/FB_IMG_1695077604162-768x576.jpg 768w, https:\/\/www.paranapraia.com.br\/wp-content\/uploads\/2023\/09\/FB_IMG_1695077604162-80x60.jpg 80w, https:\/\/www.paranapraia.com.br\/wp-content\/uploads\/2023\/09\/FB_IMG_1695077604162-265x198.jpg 265w, https:\/\/www.paranapraia.com.br\/wp-content\/uploads\/2023\/09\/FB_IMG_1695077604162-696x522.jpg 696w, https:\/\/www.paranapraia.com.br\/wp-content\/uploads\/2023\/09\/FB_IMG_1695077604162-1068x801.jpg 1068w, https:\/\/www.paranapraia.com.br\/wp-content\/uploads\/2023\/09\/FB_IMG_1695077604162-560x420.jpg 560w, https:\/\/www.paranapraia.com.br\/wp-content\/uploads\/2023\/09\/FB_IMG_1695077604162.jpg 1080w\" sizes=\"(max-width: 1024px) 100vw, 1024px\" \/><\/figure>\n<\/figure>\n\n\n\n<p><br>Na ocasi\u00e3o estavam presentes o prefeito Roberto Justus, a primeira-dama Fl\u00e1via Brenner Focaccia Justus, a presidente da C\u00e2mara C\u00e1tia Regina Silvano, o subprefeito do Coroados Claudio Dal Col, os vereadores Felipe Huning de Carvalho, Diva Carneiro Magalh\u00e3es de Oliveira e Maria da Silva Batista, o secret\u00e1rio do Esporte e do Lazer Alexandre Polati, a secret\u00e1ria da Educa\u00e7\u00e3o Fernanda Monteiro, a secret\u00e1ria da Cultura e do Turismo Adriana Fontes, o diretor da Secretaria do Esporte e do Lazer Valdir Nunes Filho e o chefe de gabinete Toni Caldeira.<\/p>\n\n\n\n<p>Assessoria <\/p>\n","protected":false},"excerpt":{"rendered":"<p>A divers\u00e3o e alegria das crian\u00e7as est\u00e1 garantida no parquinho infantil da Pra\u00e7a Luiz Moura, mais conhecida como \u201cPracinha do Cohapar\u201d, inaugurado no s\u00e1bado (16), instalado com recursos oriundos de emenda impositiva do Poder Legislativo. Al\u00e9m do parquinho no bairro Cohapar, outros dois parquinhos infantis ser\u00e3o instalados nos bairros Mirim e Pi\u00e7arras tamb\u00e9m oriundos de [&hellip;]<\/p>\n","protected":false},"author":2,"featured_media":54330,"comment_status":"open","ping_status":"open","sticky":false,"template":"","format":"standard","meta":{"advanced_seo_description":"","jetpack_seo_html_title":"","jetpack_seo_noindex":false,"_jetpack_memberships_contains_paid_content":false,"footnotes":""},"categories":[99],"tags":[],"class_list":{"0":"post-54329","1":"post","2":"type-post","3":"status-publish","4":"format-standard","5":"has-post-thumbnail","7":"category-guaratuba"},"jetpack_featured_media_url":"https:\/\/www.paranapraia.com.br\/wp-content\/uploads\/2023\/09\/FB_IMG_1695077600150.jpg","jetpack_sharing_enabled":true,"_links":{"self":[{"href":"https:\/\/www.paranapraia.com.br\/index.php\/wp-json\/wp\/v2\/posts\/54329"}],"collection":[{"href":"https:\/\/www.paranapraia.com.br\/index.php\/wp-json\/wp\/v2\/posts"}],"about":[{"href":"https:\/\/www.paranapraia.com.br\/index.php\/wp-json\/wp\/v2\/types\/post"}],"author":[{"embeddable":true,"href":"https:\/\/www.paranapraia.com.br\/index.php\/wp-json\/wp\/v2\/users\/2"}],"replies":[{"embeddable":true,"href":"https:\/\/www.paranapraia.com.br\/index.php\/wp-json\/wp\/v2\/comments?post=54329"}],"version-history":[{"count":1,"href":"https:\/\/www.paranapraia.com.br\/index.php\/wp-json\/wp\/v2\/posts\/54329\/revisions"}],"predecessor-version":[{"id":54333,"href":"https:\/\/www.paranapraia.com.br\/index.php\/wp-json\/wp\/v2\/posts\/54329\/revisions\/54333"}],"wp:featuredmedia":[{"embeddable":true,"href":"https:\/\/www.paranapraia.com.br\/index.php\/wp-json\/wp\/v2\/media\/54330"}],"wp:attachment":[{"href":"https:\/\/www.paranapraia.com.br\/index.php\/wp-json\/wp\/v2\/media?parent=54329"}],"wp:term":[{"taxonomy":"category","embeddable":true,"href":"https:\/\/www.paranapraia.com.br\/index.php\/wp-json\/wp\/v2\/categories?post=54329"},{"taxonomy":"post_tag","embeddable":true,"href":"https:\/\/www.paranapraia.com.br\/index.php\/wp-json\/wp\/v2\/tags?post=54329"}],"curies":[{"name":"wp","href":"https:\/\/api.w.org\/{rel}","templated":true}]}}