{"id":54326,"date":"2023-09-18T17:24:03","date_gmt":"2023-09-18T20:24:03","guid":{"rendered":"https:\/\/www.paranapraia.com.br\/?p=54326"},"modified":"2023-09-18T17:24:04","modified_gmt":"2023-09-18T20:24:04","slug":"secretaria-de-obras-de-pontal-do-parana-promove-limpeza-no-balneario-ipanema","status":"publish","type":"post","link":"https:\/\/www.paranapraia.com.br\/index.php\/2023\/09\/18\/secretaria-de-obras-de-pontal-do-parana-promove-limpeza-no-balneario-ipanema\/","title":{"rendered":"Secretaria de Obras de Pontal do Paran\u00e1 promove limpeza no Balne\u00e1rio Ipanema"},"content":{"rendered":"\n<p>Ruas e terrenos do Balne\u00e1rio Ipanema passaram por uma limpeza geral quando homens e m\u00e1quinas da Secretaria Municipal de Obras e Servi\u00e7os Urbanos estiveram pelo bairro.<\/p>\n\n\n\n<p>Dando prioridade a todos os balne\u00e1rios, a a\u00e7\u00e3o em Ipanema encerrou o cronograma de trabalhos da primeira quinzena de setembro e, nesta semana, outros balne\u00e1rios receber\u00e3o a frente de obras e servi\u00e7os.<\/p>\n\n\n\n<p>Contribua com a limpeza da cidade, n\u00e3o jogue lixo na rua. A Prefeitura trabalha todos os dias para fazer de Pontal uma cidade melhor.<\/p>\n\n\n\n<p>Assessoria <\/p>\n","protected":false},"excerpt":{"rendered":"<p>Ruas e terrenos do Balne\u00e1rio Ipanema passaram por uma limpeza geral quando homens e m\u00e1quinas da Secretaria Municipal de Obras e Servi\u00e7os Urbanos estiveram pelo bairro. Dando prioridade a todos os balne\u00e1rios, a a\u00e7\u00e3o em Ipanema encerrou o cronograma de trabalhos da primeira quinzena de setembro e, nesta semana, outros balne\u00e1rios receber\u00e3o a frente de [&hellip;]<\/p>\n","protected":false},"author":2,"featured_media":54327,"comment_status":"open","ping_status":"open","sticky":false,"template":"","format":"standard","meta":{"advanced_seo_description":"","jetpack_seo_html_title":"","jetpack_seo_noindex":false,"_jetpack_memberships_contains_paid_content":false,"footnotes":""},"categories":[65],"tags":[],"class_list":{"0":"post-54326","1":"post","2":"type-post","3":"status-publish","4":"format-standard","5":"has-post-thumbnail","7":"category-pontal-do-parana"},"jetpack_featured_media_url":"https:\/\/www.paranapraia.com.br\/wp-content\/uploads\/2023\/09\/FB_IMG_1695068523437.jpg","jetpack_sharing_enabled":true,"_links":{"self":[{"href":"https:\/\/www.paranapraia.com.br\/index.php\/wp-json\/wp\/v2\/posts\/54326"}],"collection":[{"href":"https:\/\/www.paranapraia.com.br\/index.php\/wp-json\/wp\/v2\/posts"}],"about":[{"href":"https:\/\/www.paranapraia.com.br\/index.php\/wp-json\/wp\/v2\/types\/post"}],"author":[{"embeddable":true,"href":"https:\/\/www.paranapraia.com.br\/index.php\/wp-json\/wp\/v2\/users\/2"}],"replies":[{"embeddable":true,"href":"https:\/\/www.paranapraia.com.br\/index.php\/wp-json\/wp\/v2\/comments?post=54326"}],"version-history":[{"count":1,"href":"https:\/\/www.paranapraia.com.br\/index.php\/wp-json\/wp\/v2\/posts\/54326\/revisions"}],"predecessor-version":[{"id":54328,"href":"https:\/\/www.paranapraia.com.br\/index.php\/wp-json\/wp\/v2\/posts\/54326\/revisions\/54328"}],"wp:featuredmedia":[{"embeddable":true,"href":"https:\/\/www.paranapraia.com.br\/index.php\/wp-json\/wp\/v2\/media\/54327"}],"wp:attachment":[{"href":"https:\/\/www.paranapraia.com.br\/index.php\/wp-json\/wp\/v2\/media?parent=54326"}],"wp:term":[{"taxonomy":"category","embeddable":true,"href":"https:\/\/www.paranapraia.com.br\/index.php\/wp-json\/wp\/v2\/categories?post=54326"},{"taxonomy":"post_tag","embeddable":true,"href":"https:\/\/www.paranapraia.com.br\/index.php\/wp-json\/wp\/v2\/tags?post=54326"}],"curies":[{"name":"wp","href":"https:\/\/api.w.org\/{rel}","templated":true}]}}