{"id":54321,"date":"2023-09-18T17:20:15","date_gmt":"2023-09-18T20:20:15","guid":{"rendered":"https:\/\/www.paranapraia.com.br\/?p=54321"},"modified":"2023-09-18T17:20:16","modified_gmt":"2023-09-18T20:20:16","slug":"em-pontal-do-parana-msc-e-agentes-turisticos-se-alinham-para-ofertar-pacotes-e-atrair-turistas","status":"publish","type":"post","link":"https:\/\/www.paranapraia.com.br\/index.php\/2023\/09\/18\/em-pontal-do-parana-msc-e-agentes-turisticos-se-alinham-para-ofertar-pacotes-e-atrair-turistas\/","title":{"rendered":"Em Pontal do Paran\u00e1, MSC e agentes tur\u00edsticos se alinham para ofertar pacotes e atrair turistas"},"content":{"rendered":"\n<p>A reuni\u00e3o para alinhamento de objetivos entre a MSC (Mediterranean Shipping Company), empresa que vai operar 14 navios na temporada de cruzeiros (entre dezembro\/23 e mar\u00e7o\/24) no litoral paranaense, e agentes tur\u00edsticos do munic\u00edpio de Pontal do Paran\u00e1, foi realizada na manh\u00e3 desta segunda (18) no Audit\u00f3rio Primavera (Rua Tom Jobim, 302). As viagens ser\u00e3o feitas entre 1\u00ba de janeiro e 8 de mar\u00e7o na temporada de cruzeiros 2023\/2024, pelo navio MSC Lirica.<\/p>\n\n\n\n<p>Ser\u00e3o aproximadamente 2.200 passageiros em cada rota, com previs\u00e3o em torno de 1.200 turistas brasileiros e outros mil estrangeiros. Num trajeto de sete dias pela Am\u00e9rica do Sul, Paranagu\u00e1 ser\u00e1 uma das quatro paradas previstas, incluindo ainda Itaja\u00ed-SC, Punta del Este (Uruguai), e Buenos Aires (Argentina).<\/p>\n\n\n\n<figure class=\"wp-block-image size-large\"><img loading=\"lazy\" decoding=\"async\" width=\"1024\" height=\"663\" src=\"https:\/\/www.paranapraia.com.br\/wp-content\/uploads\/2023\/09\/FB_IMG_1695068171644-1-1024x663.jpg\" alt=\"\" class=\"wp-image-54324\" srcset=\"https:\/\/www.paranapraia.com.br\/wp-content\/uploads\/2023\/09\/FB_IMG_1695068171644-1-1024x663.jpg 1024w, https:\/\/www.paranapraia.com.br\/wp-content\/uploads\/2023\/09\/FB_IMG_1695068171644-1-300x194.jpg 300w, https:\/\/www.paranapraia.com.br\/wp-content\/uploads\/2023\/09\/FB_IMG_1695068171644-1-768x497.jpg 768w, https:\/\/www.paranapraia.com.br\/wp-content\/uploads\/2023\/09\/FB_IMG_1695068171644-1-696x450.jpg 696w, https:\/\/www.paranapraia.com.br\/wp-content\/uploads\/2023\/09\/FB_IMG_1695068171644-1-1068x691.jpg 1068w, https:\/\/www.paranapraia.com.br\/wp-content\/uploads\/2023\/09\/FB_IMG_1695068171644-1-649x420.jpg 649w, https:\/\/www.paranapraia.com.br\/wp-content\/uploads\/2023\/09\/FB_IMG_1695068171644-1.jpg 1080w\" sizes=\"(max-width: 1024px) 100vw, 1024px\" \/><\/figure>\n\n\n\n<p>TURISMO REGIONAL \u2013 Participaram da reuni\u00e3o empreendedores do setor tur\u00edstico da cidade, al\u00e9m de t\u00e9cnicos da Secretaria Municipal de Turismo e Desenvolvimento Econ\u00f4mico, e de entidades ligadas ao setor no litoral paranaense. A inten\u00e7\u00e3o \u00e9 fomentar o turismo regional atraindo o p\u00fablico que vai desembarcar em Paranagu\u00e1 e ofertar pacotes alternativos em Pontal, movimentando ainda mais a economia da cidade conforme destacou Jos\u00e9 Juvanete Pereira, secret\u00e1rio de Turismo e Desenvolvimento Econ\u00f4mico de Pontal do Paran\u00e1.<\/p>\n\n\n\n<p>O prefeito Rud\u00e3o Gimenes compareceu e abordou o importante momento vivido pela cidade, a que mais cresce e gera empregos no litoral paranaense, com inova\u00e7\u00f5es em v\u00e1rios setores. \u201cPrecisamos estar prontos para receber milhares de turistas que chegar\u00e3o ao litoral paranaense a partir de 1\u00ba de dezembro, por isso estamos nos antecipando\u201d, explicou o prefeito.<\/p>\n\n\n\n<p>VIAJE PARAN\u00c1 \u2013 Para o presidente do Servi\u00e7o Aut\u00f4nomo Viaje Paran\u00e1 (\u00f3rg\u00e3o estadual criado para promover o setor tur\u00edstico), Irapuan Cortes, o objetivo de todos \u00e9 garantir uma boa opera\u00e7\u00e3o com planejamento antecipado, refletindo na gera\u00e7\u00e3o de empregos e renda na temporada de cruzeiros.<\/p>\n\n\n\n<p>A reuni\u00e3o para alinhamento de objetivos entre a MSC e o munic\u00edpio de Pontal do Paran\u00e1 teve receptivo da Prefeitura, por meio da Secretaria de Turismo e Desenvolvimento Econ\u00f4mico. Os conte\u00fados foram apresentados por representantes da Prefeitura de Pontal; da Adetur Litoral (Ag\u00eancia de Desenvolvimento Cultural e do Turismo Sustent\u00e1vel no Litoral do Paran\u00e1); da Secretaria Municipal de Cultura e Turismo de Paranagu\u00e1 (Secultur); da MSC, terceira maior marca de cruzeiros do mundo; do Viaje Paran\u00e1, portal de turismo do Estado; da Secretaria do Turismo do Paran\u00e1 (SETU); da empresa Portos do Paran\u00e1 e do Governo do Estado.<\/p>\n\n\n\n<p>Fotos: Assessoria Prefeitura de Pontal do Paran\u00e1 <\/p>\n","protected":false},"excerpt":{"rendered":"<p>A reuni\u00e3o para alinhamento de objetivos entre a MSC (Mediterranean Shipping Company), empresa que vai operar 14 navios na temporada de cruzeiros (entre dezembro\/23 e mar\u00e7o\/24) no litoral paranaense, e agentes tur\u00edsticos do munic\u00edpio de Pontal do Paran\u00e1, foi realizada na manh\u00e3 desta segunda (18) no Audit\u00f3rio Primavera (Rua Tom Jobim, 302). As viagens ser\u00e3o [&hellip;]<\/p>\n","protected":false},"author":2,"featured_media":54323,"comment_status":"open","ping_status":"open","sticky":false,"template":"","format":"standard","meta":{"advanced_seo_description":"","jetpack_seo_html_title":"","jetpack_seo_noindex":false,"_jetpack_memberships_contains_paid_content":false,"footnotes":""},"categories":[65],"tags":[],"class_list":{"0":"post-54321","1":"post","2":"type-post","3":"status-publish","4":"format-standard","5":"has-post-thumbnail","7":"category-pontal-do-parana"},"jetpack_featured_media_url":"https:\/\/www.paranapraia.com.br\/wp-content\/uploads\/2023\/09\/FB_IMG_1695068168372.jpg","jetpack_sharing_enabled":true,"_links":{"self":[{"href":"https:\/\/www.paranapraia.com.br\/index.php\/wp-json\/wp\/v2\/posts\/54321"}],"collection":[{"href":"https:\/\/www.paranapraia.com.br\/index.php\/wp-json\/wp\/v2\/posts"}],"about":[{"href":"https:\/\/www.paranapraia.com.br\/index.php\/wp-json\/wp\/v2\/types\/post"}],"author":[{"embeddable":true,"href":"https:\/\/www.paranapraia.com.br\/index.php\/wp-json\/wp\/v2\/users\/2"}],"replies":[{"embeddable":true,"href":"https:\/\/www.paranapraia.com.br\/index.php\/wp-json\/wp\/v2\/comments?post=54321"}],"version-history":[{"count":1,"href":"https:\/\/www.paranapraia.com.br\/index.php\/wp-json\/wp\/v2\/posts\/54321\/revisions"}],"predecessor-version":[{"id":54325,"href":"https:\/\/www.paranapraia.com.br\/index.php\/wp-json\/wp\/v2\/posts\/54321\/revisions\/54325"}],"wp:featuredmedia":[{"embeddable":true,"href":"https:\/\/www.paranapraia.com.br\/index.php\/wp-json\/wp\/v2\/media\/54323"}],"wp:attachment":[{"href":"https:\/\/www.paranapraia.com.br\/index.php\/wp-json\/wp\/v2\/media?parent=54321"}],"wp:term":[{"taxonomy":"category","embeddable":true,"href":"https:\/\/www.paranapraia.com.br\/index.php\/wp-json\/wp\/v2\/categories?post=54321"},{"taxonomy":"post_tag","embeddable":true,"href":"https:\/\/www.paranapraia.com.br\/index.php\/wp-json\/wp\/v2\/tags?post=54321"}],"curies":[{"name":"wp","href":"https:\/\/api.w.org\/{rel}","templated":true}]}}