{"id":54317,"date":"2023-09-18T09:55:13","date_gmt":"2023-09-18T12:55:13","guid":{"rendered":"https:\/\/www.paranapraia.com.br\/?p=54317"},"modified":"2023-09-18T10:10:42","modified_gmt":"2023-09-18T13:10:42","slug":"secretario-de-educacao-se-reune-com-diretoras-das-escolas-de-matinhos-para-falar-sobre-denuncia-anonima","status":"publish","type":"post","link":"https:\/\/www.paranapraia.com.br\/index.php\/2023\/09\/18\/secretario-de-educacao-se-reune-com-diretoras-das-escolas-de-matinhos-para-falar-sobre-denuncia-anonima\/","title":{"rendered":"Secret\u00e1rio de Educa\u00e7\u00e3o se re\u00fane com diretoras das escolas de Matinhos para falar sobre den\u00fancia an\u00f4nima"},"content":{"rendered":"\n<p>O secret\u00e1rio de Educa\u00e7\u00e3o, M\u00e1rio Braga, convocou nesta sexta-feira (15) uma reuni\u00e3o com as diretoras das escolas municipais e com integrantes do Conselho Tutelar. O objetivo do encontro foi esclarecer a den\u00fancia an\u00f4nima feita ao Disque 100 de que os alunos estavam realizando a limpeza das salas de aula nas unidades escolares.<\/p>\n\n\n\n<p>Mario Braga refor\u00e7ou que a queixa \u00e9 infundada e o fato denunciado n\u00e3o acontece em nenhuma escola do munic\u00edpio. A Secretaria ir\u00e1 responder, via of\u00edcio, ao Minist\u00e9rio P\u00fablico. No documento, estar\u00e3o anexadas as manifesta\u00e7\u00f5es de cada uma das diretoras, negando que a pr\u00e1tica aconte\u00e7a nas unidades de ensino.<\/p>\n\n\n\n<p>O secret\u00e1rio lembrou que no final das aulas, principalmente nas de educa\u00e7\u00e3o art\u00edstica, \u00e9 pedida a colabora\u00e7\u00e3o dos estudantes para a organiza\u00e7\u00e3o da sala de aula &#8211; algo que, inclusive, \u00e9 previsto na BNCC, Base Nacional Comum Curricular. A pr\u00e1tica n\u00e3o tem o intuito de limpar, mas sim de organizar e guardar materiais, al\u00e9m de jogar pap\u00e9is no lixo, deixando o ambiente em ordem.<\/p>\n\n\n\n<p>Tanto M\u00e1rio Braga quanto as diretoras concordam que causa estranheza o fato da den\u00fancia ser an\u00f4nima e ser direcionada a v\u00e1rias escolas. Segundo ele, se a queixa realmente fosse ver\u00eddica, partiria de um pai e faria men\u00e7\u00e3o direta \u00e0 unidade em que seu filho estuda. Agora, o Conselho Tutelar aguarda a formaliza\u00e7\u00e3o da resposta por parte da Secretaria de Educa\u00e7\u00e3o, para que sejam feitos os encaminhamentos necess\u00e1rios.<\/p>\n\n\n\n<p>Foram chamados para a reuni\u00e3o os diretores da pasta, Alzino Neto e Juliana Niesborski; e as diretoras das escolas municipais, Aldamara Corr\u00eaa, Jocilene Juglair, Kelly Razeira, \u00c2ngela Duarte, S\u00edlvia Trevisan e Cristiane Veiga. Pelo Conselho Tutelar, estavam presentes Gabrielle Robaina e a conselheira Cristina Souza.<\/p>\n\n\n\n<p>Departamento de Comunica\u00e7\u00e3o<br>Prefeitura de Matinhos<\/p>\n\n\n\n<p>Acesse o nosso portal: https:\/\/matinhos.atende.net\/cidadao\/noticia\/secretario-de-educacao-se-reune-com-diretoras-das-escolas-de-matinhos-para-falar-sobre-denuncia-anonima<\/p>\n","protected":false},"excerpt":{"rendered":"<p>O secret\u00e1rio de Educa\u00e7\u00e3o, M\u00e1rio Braga, convocou nesta sexta-feira (15) uma reuni\u00e3o com as diretoras das escolas municipais e com integrantes do Conselho Tutelar. O objetivo do encontro foi esclarecer a den\u00fancia an\u00f4nima feita ao Disque 100 de que os alunos estavam realizando a limpeza das salas de aula nas unidades escolares. Mario Braga refor\u00e7ou [&hellip;]<\/p>\n","protected":false},"author":2,"featured_media":54318,"comment_status":"open","ping_status":"open","sticky":false,"template":"","format":"standard","meta":{"advanced_seo_description":"","jetpack_seo_html_title":"","jetpack_seo_noindex":false,"_jetpack_memberships_contains_paid_content":false,"footnotes":""},"categories":[88],"tags":[],"class_list":{"0":"post-54317","1":"post","2":"type-post","3":"status-publish","4":"format-standard","5":"has-post-thumbnail","7":"category-matinhos"},"jetpack_featured_media_url":"https:\/\/www.paranapraia.com.br\/wp-content\/uploads\/2023\/09\/FB_IMG_1695041674913.jpg","jetpack_sharing_enabled":true,"_links":{"self":[{"href":"https:\/\/www.paranapraia.com.br\/index.php\/wp-json\/wp\/v2\/posts\/54317"}],"collection":[{"href":"https:\/\/www.paranapraia.com.br\/index.php\/wp-json\/wp\/v2\/posts"}],"about":[{"href":"https:\/\/www.paranapraia.com.br\/index.php\/wp-json\/wp\/v2\/types\/post"}],"author":[{"embeddable":true,"href":"https:\/\/www.paranapraia.com.br\/index.php\/wp-json\/wp\/v2\/users\/2"}],"replies":[{"embeddable":true,"href":"https:\/\/www.paranapraia.com.br\/index.php\/wp-json\/wp\/v2\/comments?post=54317"}],"version-history":[{"count":2,"href":"https:\/\/www.paranapraia.com.br\/index.php\/wp-json\/wp\/v2\/posts\/54317\/revisions"}],"predecessor-version":[{"id":54320,"href":"https:\/\/www.paranapraia.com.br\/index.php\/wp-json\/wp\/v2\/posts\/54317\/revisions\/54320"}],"wp:featuredmedia":[{"embeddable":true,"href":"https:\/\/www.paranapraia.com.br\/index.php\/wp-json\/wp\/v2\/media\/54318"}],"wp:attachment":[{"href":"https:\/\/www.paranapraia.com.br\/index.php\/wp-json\/wp\/v2\/media?parent=54317"}],"wp:term":[{"taxonomy":"category","embeddable":true,"href":"https:\/\/www.paranapraia.com.br\/index.php\/wp-json\/wp\/v2\/categories?post=54317"},{"taxonomy":"post_tag","embeddable":true,"href":"https:\/\/www.paranapraia.com.br\/index.php\/wp-json\/wp\/v2\/tags?post=54317"}],"curies":[{"name":"wp","href":"https:\/\/api.w.org\/{rel}","templated":true}]}}