{"id":54288,"date":"2023-09-15T17:50:30","date_gmt":"2023-09-15T20:50:30","guid":{"rendered":"https:\/\/www.paranapraia.com.br\/?p=54288"},"modified":"2023-09-15T17:50:31","modified_gmt":"2023-09-15T20:50:31","slug":"parana-participa-de-feira-nautica-para-promover-potencial-de-navegacao-e-turismo-de-natureza","status":"publish","type":"post","link":"https:\/\/www.paranapraia.com.br\/index.php\/2023\/09\/15\/parana-participa-de-feira-nautica-para-promover-potencial-de-navegacao-e-turismo-de-natureza\/","title":{"rendered":"Paran\u00e1 participa de feira n\u00e1utica para promover potencial de navega\u00e7\u00e3o e turismo de natureza"},"content":{"rendered":"\n<p>Todo o potencial de turismo n\u00e1utico paranaense estar\u00e1 na grande vitrine da 26\u00aa edi\u00e7\u00e3o do Boat Show S\u00e3o Paulo, que acontece de 21 a 26 de setembro na cidade de S\u00e3o Paulo. A Secretaria de Estado do Turismo (Setu), o servi\u00e7o social aut\u00f4nomo Viaje Paran\u00e1 e o Instituto \u00c1gua e Terra v\u00e3o representar o Estado no evento, considerado o maior do g\u00eanero na Am\u00e9rica Latina.<\/p>\n\n\n\n<p>Em S\u00e3o Paulo, o formato deve repetir o sucesso das edi\u00e7\u00f5es anteriores com p\u00fablico estimado em mais de 1 milh\u00e3o de pessoas. A meta do governo paranaense \u00e9 mostrar as riquezas naturais do Estado, como rios e lagos, e as \u00e1reas de preserva\u00e7\u00e3o ambiental para esse universo que envolve adeptos ao turismo de aventura e natureza, os apaixonados por embarca\u00e7\u00f5es e representantes mundiais das grandes marcas no setor.<\/p>\n\n\n\n<p>O secret\u00e1rio do Turismo, M\u00e1rcio Nunes, ressaltou a participa\u00e7\u00e3o como oportunidade para mostrar toda a diversidade da natureza paranaense, que abriga mais de 78 atrativos de turismo n\u00e1utico e 29 Unidades de Conserva\u00e7\u00e3o abertas \u00e0 visita\u00e7\u00e3o. \u201cVamos mostrar o grande cora\u00e7\u00e3o da Mata Atl\u00e2ntica e toda a magia do Paran\u00e1, com seus rios, corredeiras, quedas d\u00b4\u00e1gua, lagoas e lagos gigantes que encantam os visitantes\u201d, disse.<\/p>\n\n\n\n<p>Ele enfatizou os investimentos e programas formatados neste ano para as 19 regi\u00f5es tur\u00edsticas, entre abertura de linhas de cr\u00e9dito para empreendedores e capacita\u00e7\u00e3o da m\u00e3o de obra. As a\u00e7\u00f5es s\u00e3o direcionadas para a melhoria na infraestrutura local e, ainda, para que os destinos saibam atender bem o visitante e vender o atrativo. \u201cEstamos prontos para receber o turista. \u00c9 isso que vamos mostrar na Boat Show S\u00e3o Paulo\u201d, finalizou.<\/p>\n\n\n\n<p>TURISMO N\u00c1UTICO \u2013 A 26\u00aa edi\u00e7\u00e3o do Boat Show S\u00e3o Paulo reunir\u00e1 expositores, tend\u00eancias e lan\u00e7amentos de barcos, jet skis, infl\u00e1veis, motores e equipamentos. Para atender a expectativa de quem visita a feira, o IAT levar\u00e1 para o estande uma mostra do potencial do turismo n\u00e1utico das \u00e1reas de conserva\u00e7\u00e3o do Paran\u00e1.<\/p>\n\n\n\n<p>De acordo com o diretor de Patrim\u00f4nio Natural do IAT, Rafael Andreguetto, o instituto participa do evento para promover o Projeto Parques Paran\u00e1. Ele elencou as unidades da Ilha do Mel, Ilha das Cobras, Parque Estadual do Bogua\u00e7u, Floresta do Palmito e Esta\u00e7\u00e3o Ecol\u00f3gica do Guaragua\u00e7u, que s\u00e3o banhadas por rios e mar, como exemplos de lugares que podem ser explorados.<\/p>\n\n\n\n<p>\u201cAl\u00e9m disso temos outras unidades, como a Esta\u00e7\u00e3o Ecol\u00f3gica do Caiu\u00e1, o Parque Estadual Lago Azul, em Campo Mour\u00e3o, dotados de reservat\u00f3rios e rios que permitem a navega\u00e7\u00e3o\u201d, complementou. O Parque Estadual do Cerrado, o Parque Estadual do Guartel\u00e1 e o Parque Estadual do Vale do Cod\u00f3 que permitem atividades como rafting, acqua trekking e banhos.<\/p>\n\n\n\n<p>PROMO\u00c7\u00c3O \u2013 O Servi\u00e7o Social Aut\u00f4nomo Viaje Paran\u00e1 chega \u00e0 feira para respaldar a divulga\u00e7\u00e3o e apoiar a apresenta\u00e7\u00e3o da oferta tur\u00edstica estadual. <\/p>\n\n\n\n<p>\u201cNossa meta \u00e9 ampliar o leque de oportunidades de comercializa\u00e7\u00e3o dos nossos destinos para o mercado interno e o exterior\u201d, disse Irapuan Cortes, diretor-presidente do \u00f3rg\u00e3o.O Viaje Paran\u00e1 foi criado com o objetivo de divulgar o Paran\u00e1 e seus destinos, organizar, patrocinar e participar de eventos relacionados com a promo\u00e7\u00e3o e articular agentes econ\u00f4micos do Estado e p\u00fablico interessado.<\/p>\n\n\n\n<p>AEN<\/p>\n","protected":false},"excerpt":{"rendered":"<p>Todo o potencial de turismo n\u00e1utico paranaense estar\u00e1 na grande vitrine da 26\u00aa edi\u00e7\u00e3o do Boat Show S\u00e3o Paulo, que acontece de 21 a 26 de setembro na cidade de S\u00e3o Paulo. A Secretaria de Estado do Turismo (Setu), o servi\u00e7o social aut\u00f4nomo Viaje Paran\u00e1 e o Instituto \u00c1gua e Terra v\u00e3o representar o Estado [&hellip;]<\/p>\n","protected":false},"author":2,"featured_media":54289,"comment_status":"open","ping_status":"open","sticky":false,"template":"","format":"standard","meta":{"advanced_seo_description":"","jetpack_seo_html_title":"","jetpack_seo_noindex":false,"_jetpack_memberships_contains_paid_content":false,"footnotes":""},"categories":[40],"tags":[],"class_list":{"0":"post-54288","1":"post","2":"type-post","3":"status-publish","4":"format-standard","5":"has-post-thumbnail","7":"category-destaques"},"jetpack_featured_media_url":"https:\/\/www.paranapraia.com.br\/wp-content\/uploads\/2023\/09\/verde_3_alessandro_vieira-scaled.jpg","jetpack_sharing_enabled":true,"_links":{"self":[{"href":"https:\/\/www.paranapraia.com.br\/index.php\/wp-json\/wp\/v2\/posts\/54288"}],"collection":[{"href":"https:\/\/www.paranapraia.com.br\/index.php\/wp-json\/wp\/v2\/posts"}],"about":[{"href":"https:\/\/www.paranapraia.com.br\/index.php\/wp-json\/wp\/v2\/types\/post"}],"author":[{"embeddable":true,"href":"https:\/\/www.paranapraia.com.br\/index.php\/wp-json\/wp\/v2\/users\/2"}],"replies":[{"embeddable":true,"href":"https:\/\/www.paranapraia.com.br\/index.php\/wp-json\/wp\/v2\/comments?post=54288"}],"version-history":[{"count":1,"href":"https:\/\/www.paranapraia.com.br\/index.php\/wp-json\/wp\/v2\/posts\/54288\/revisions"}],"predecessor-version":[{"id":54290,"href":"https:\/\/www.paranapraia.com.br\/index.php\/wp-json\/wp\/v2\/posts\/54288\/revisions\/54290"}],"wp:featuredmedia":[{"embeddable":true,"href":"https:\/\/www.paranapraia.com.br\/index.php\/wp-json\/wp\/v2\/media\/54289"}],"wp:attachment":[{"href":"https:\/\/www.paranapraia.com.br\/index.php\/wp-json\/wp\/v2\/media?parent=54288"}],"wp:term":[{"taxonomy":"category","embeddable":true,"href":"https:\/\/www.paranapraia.com.br\/index.php\/wp-json\/wp\/v2\/categories?post=54288"},{"taxonomy":"post_tag","embeddable":true,"href":"https:\/\/www.paranapraia.com.br\/index.php\/wp-json\/wp\/v2\/tags?post=54288"}],"curies":[{"name":"wp","href":"https:\/\/api.w.org\/{rel}","templated":true}]}}