{"id":54284,"date":"2023-09-15T12:57:03","date_gmt":"2023-09-15T15:57:03","guid":{"rendered":"https:\/\/www.paranapraia.com.br\/?p=54284"},"modified":"2023-09-15T12:57:04","modified_gmt":"2023-09-15T15:57:04","slug":"reuniao-na-camara-de-paranagua-aborda-mobilidade-urbana","status":"publish","type":"post","link":"https:\/\/www.paranapraia.com.br\/index.php\/2023\/09\/15\/reuniao-na-camara-de-paranagua-aborda-mobilidade-urbana\/","title":{"rendered":"Reuni\u00e3o na C\u00e2mara de Paranagu\u00e1 aborda mobilidade urbana"},"content":{"rendered":"\n<p>Foi realizada na ter\u00e7a-feira, 12, no Gabinete da Presid\u00eancia da C\u00e2mara Municipal de Paranagu\u00e1, a apresenta\u00e7\u00e3o da quarta fase do Plano de Mobilidade Urbana do Munic\u00edpio. O referido plano traz as diretrizes apontadas por estudos e pesquisas, contratados pela prefeitura, para que haja a melhoria no fluxo de pessoas e ve\u00edculos pelo territ\u00f3rio urbano da cidade.<\/p>\n\n\n\n<p>Regi\u00f5es como a Ilha dos Valadares, por exemplo, com a proximidade da conclus\u00e3o das obras da ponte, dever\u00e3o ter um planejamento de mobilidade diferente do atual, uma vez que a quantidade de ve\u00edculos que passar\u00e3o a transitar pelas ruas da regi\u00e3o dever\u00e1 aumentar significativamente.<\/p>\n\n\n\n<p>Neste sentido, os estudos apontaram as medidas a serem tomadas e observadas para que a localidade tenha fluidez no ir e vir da popula\u00e7\u00e3o.<\/p>\n\n\n\n<p>Os estudos contemplam ainda a amplia\u00e7\u00e3o da malha ciclovi\u00e1ria da cidade, de modo a otimizar e estimular o uso de bicicletas pela cidade.<\/p>\n\n\n\n<figure class=\"wp-block-image size-large\"><img loading=\"lazy\" decoding=\"async\" width=\"1024\" height=\"1024\" src=\"https:\/\/www.paranapraia.com.br\/wp-content\/uploads\/2023\/09\/FB_IMG_1694793317087-1024x1024.jpg\" alt=\"\" class=\"wp-image-54286\" srcset=\"https:\/\/www.paranapraia.com.br\/wp-content\/uploads\/2023\/09\/FB_IMG_1694793317087-1024x1024.jpg 1024w, https:\/\/www.paranapraia.com.br\/wp-content\/uploads\/2023\/09\/FB_IMG_1694793317087-300x300.jpg 300w, https:\/\/www.paranapraia.com.br\/wp-content\/uploads\/2023\/09\/FB_IMG_1694793317087-150x150.jpg 150w, https:\/\/www.paranapraia.com.br\/wp-content\/uploads\/2023\/09\/FB_IMG_1694793317087-768x768.jpg 768w, https:\/\/www.paranapraia.com.br\/wp-content\/uploads\/2023\/09\/FB_IMG_1694793317087-696x696.jpg 696w, https:\/\/www.paranapraia.com.br\/wp-content\/uploads\/2023\/09\/FB_IMG_1694793317087-1068x1068.jpg 1068w, https:\/\/www.paranapraia.com.br\/wp-content\/uploads\/2023\/09\/FB_IMG_1694793317087-420x420.jpg 420w, https:\/\/www.paranapraia.com.br\/wp-content\/uploads\/2023\/09\/FB_IMG_1694793317087.jpg 1080w\" sizes=\"(max-width: 1024px) 100vw, 1024px\" \/><\/figure>\n\n\n\n<p>Contudo, al\u00e9m de ciclovias e ciclofaixas o Plano menciona a cria\u00e7\u00e3o de biciclet\u00e1rios p\u00fablicos para que seja evitada a a\u00e7\u00e3o de se estacionar bicicletas em postes ou em placas de tr\u00e2nsito.<\/p>\n\n\n\n<p>A melhoria de cal\u00e7adas e a cria\u00e7\u00e3o de vias calmas estruturadas s\u00e3o outros apontamentos do Plano, o qual est\u00e1 em fase final de elabora\u00e7\u00e3o e contempla de forma paralela assuntos relacionados ao transporte p\u00fablico.<\/p>\n\n\n\n<p>No dia 06 de outubro, haver\u00e1 uma audi\u00eancia p\u00fablica, no teatro Raquel Costa, onde a popula\u00e7\u00e3o poder\u00e1 conhecer, opinar e contribuir com o Plano Municipal de Mobilidade Urbana.<\/p>\n\n\n\n<p>Como \u00faltimo ato, o Plano Municipal vir\u00e1 para a Casa de Leis, em forma de Projeto de Lei, para ser votado pelos vereadores.<\/p>\n\n\n\n<p>Por esse motivo, os parlamentares est\u00e3o conhecendo detalhes do documento antes da vota\u00e7\u00e3o.<\/p>\n\n\n\n<p>Assessoria<\/p>\n","protected":false},"excerpt":{"rendered":"<p>Foi realizada na ter\u00e7a-feira, 12, no Gabinete da Presid\u00eancia da C\u00e2mara Municipal de Paranagu\u00e1, a apresenta\u00e7\u00e3o da quarta fase do Plano de Mobilidade Urbana do Munic\u00edpio. O referido plano traz as diretrizes apontadas por estudos e pesquisas, contratados pela prefeitura, para que haja a melhoria no fluxo de pessoas e ve\u00edculos pelo territ\u00f3rio urbano da [&hellip;]<\/p>\n","protected":false},"author":2,"featured_media":54285,"comment_status":"open","ping_status":"open","sticky":false,"template":"","format":"standard","meta":{"advanced_seo_description":"","jetpack_seo_html_title":"","jetpack_seo_noindex":false,"_jetpack_memberships_contains_paid_content":false,"footnotes":""},"categories":[77],"tags":[],"class_list":{"0":"post-54284","1":"post","2":"type-post","3":"status-publish","4":"format-standard","5":"has-post-thumbnail","7":"category-paranagua"},"jetpack_featured_media_url":"https:\/\/www.paranapraia.com.br\/wp-content\/uploads\/2023\/09\/FB_IMG_1694793311312.jpg","jetpack_sharing_enabled":true,"_links":{"self":[{"href":"https:\/\/www.paranapraia.com.br\/index.php\/wp-json\/wp\/v2\/posts\/54284"}],"collection":[{"href":"https:\/\/www.paranapraia.com.br\/index.php\/wp-json\/wp\/v2\/posts"}],"about":[{"href":"https:\/\/www.paranapraia.com.br\/index.php\/wp-json\/wp\/v2\/types\/post"}],"author":[{"embeddable":true,"href":"https:\/\/www.paranapraia.com.br\/index.php\/wp-json\/wp\/v2\/users\/2"}],"replies":[{"embeddable":true,"href":"https:\/\/www.paranapraia.com.br\/index.php\/wp-json\/wp\/v2\/comments?post=54284"}],"version-history":[{"count":1,"href":"https:\/\/www.paranapraia.com.br\/index.php\/wp-json\/wp\/v2\/posts\/54284\/revisions"}],"predecessor-version":[{"id":54287,"href":"https:\/\/www.paranapraia.com.br\/index.php\/wp-json\/wp\/v2\/posts\/54284\/revisions\/54287"}],"wp:featuredmedia":[{"embeddable":true,"href":"https:\/\/www.paranapraia.com.br\/index.php\/wp-json\/wp\/v2\/media\/54285"}],"wp:attachment":[{"href":"https:\/\/www.paranapraia.com.br\/index.php\/wp-json\/wp\/v2\/media?parent=54284"}],"wp:term":[{"taxonomy":"category","embeddable":true,"href":"https:\/\/www.paranapraia.com.br\/index.php\/wp-json\/wp\/v2\/categories?post=54284"},{"taxonomy":"post_tag","embeddable":true,"href":"https:\/\/www.paranapraia.com.br\/index.php\/wp-json\/wp\/v2\/tags?post=54284"}],"curies":[{"name":"wp","href":"https:\/\/api.w.org\/{rel}","templated":true}]}}