{"id":54281,"date":"2023-09-15T12:49:57","date_gmt":"2023-09-15T15:49:57","guid":{"rendered":"https:\/\/www.paranapraia.com.br\/?p=54281"},"modified":"2023-09-15T12:49:58","modified_gmt":"2023-09-15T15:49:58","slug":"pcpr-prende-596-pessoas-em-operacao-nacional-de-combate-a-violencia-contra-mulher","status":"publish","type":"post","link":"https:\/\/www.paranapraia.com.br\/index.php\/2023\/09\/15\/pcpr-prende-596-pessoas-em-operacao-nacional-de-combate-a-violencia-contra-mulher\/","title":{"rendered":"PCPR prende 596 pessoas em opera\u00e7\u00e3o nacional de combate \u00e0 viol\u00eancia contra mulher"},"content":{"rendered":"\n<p>A Pol\u00edcia Civil do Paran\u00e1 (PCPR) prendeu 596 pessoas entre os dias 21 de agosto e 15 de setembro em todo o Paran\u00e1 durante a Opera\u00e7\u00e3o Shamar, que aconteceu em todo o Pa\u00eds. \u00c9 uma a\u00e7\u00e3o coordenada pelo Minist\u00e9rio da Justi\u00e7a e Seguran\u00e7a P\u00fablica (MJSP) em combate \u00e0 viol\u00eancia contra mulher. Foram 16 presos por feminic\u00eddio. Houve pris\u00f5es em flagrante e em cumprimento de mandados judiciais.<\/p>\n\n\n\n<p>Ao longo dos 25 dias os policiais civis tamb\u00e9m apreenderam 24 armas e 3.029 muni\u00e7\u00f5es irregulares. Al\u00e9m disso, 3.155 boletins de ocorr\u00eancia foram registrados, 4.028 v\u00edtimas atendidas e 2.519 medidas protetivas solicitadas ao Poder Judici\u00e1rio.<\/p>\n\n\n\n<p>Al\u00e9m das a\u00e7\u00f5es repressivas, que contaram com apoio das demais for\u00e7as de seguran\u00e7a do Estado, foram realizadas a\u00e7\u00f5es educativas e de acompanhamento de medidas protetivas.  A delegada-chefe da Divis\u00e3o de Pol\u00edcia Especializada, Luciana Novaes, diz que as a\u00e7\u00f5es chamam aten\u00e7\u00e3o para a necessidade de combate di\u00e1rio da viol\u00eancia dom\u00e9stica e familiar. <\/p>\n\n\n\n<p>&#8220;Houve um interesse a n\u00edvel de institui\u00e7\u00e3o para que todas as unidades participassem. Tivemos 152 delegacias participando dessa a\u00e7\u00e3o, com investiga\u00e7\u00f5es pr\u00f3prias em diversas cidades. Eles trabalharam efetivamente ao longo de algumas semanas para fazer esse enfrentamento e tamb\u00e9m na parte educativa sobre o tema&#8221;, afirma. <\/p>\n\n\n\n<p>Entre as a\u00e7\u00f5es educativas estiveram 130 palestras para mais 5 mil pessoas. As palestras foram ministradas em escolas, empresas e \u00f3rg\u00e3os p\u00fablicos por policiais civis. &#8220;Atuamos em duas frentes: a primeira repressiva e investigativa e a segunda de forma preventiva. <\/p>\n\n\n\n<p>Essas a\u00e7\u00f5es s\u00e3o de extrema import\u00e2ncia para a conscientiza\u00e7\u00e3o. As for\u00e7as de seguran\u00e7a p\u00fablica sempre v\u00e3o participar do combate \u00e0 viol\u00eancia contra as mulheres, ent\u00e3o \u00e9 fundamental que as delegacias tenham essa frente de esclarecimento&#8221;, completa a delegada B\u00e1rbara Strapasson, da Delegacia da Mulher de Cascavel.<\/p>\n\n\n\n<p>SHAMAR \u2013 A opera\u00e7\u00e3o recebeu o nome Shamar pela origem hebraica da palavra, que significa cuidar, guardar, zelar, vigiar ou proteger.<\/p>\n\n\n\n<p>AEN<\/p>\n","protected":false},"excerpt":{"rendered":"<p>A Pol\u00edcia Civil do Paran\u00e1 (PCPR) prendeu 596 pessoas entre os dias 21 de agosto e 15 de setembro em todo o Paran\u00e1 durante a Opera\u00e7\u00e3o Shamar, que aconteceu em todo o Pa\u00eds. \u00c9 uma a\u00e7\u00e3o coordenada pelo Minist\u00e9rio da Justi\u00e7a e Seguran\u00e7a P\u00fablica (MJSP) em combate \u00e0 viol\u00eancia contra mulher. Foram 16 presos por [&hellip;]<\/p>\n","protected":false},"author":2,"featured_media":54282,"comment_status":"open","ping_status":"open","sticky":false,"template":"","format":"standard","meta":{"advanced_seo_description":"","jetpack_seo_html_title":"","jetpack_seo_noindex":false,"_jetpack_memberships_contains_paid_content":false,"footnotes":""},"categories":[40],"tags":[],"class_list":{"0":"post-54281","1":"post","2":"type-post","3":"status-publish","4":"format-standard","5":"has-post-thumbnail","7":"category-destaques"},"jetpack_featured_media_url":"https:\/\/www.paranapraia.com.br\/wp-content\/uploads\/2023\/09\/whatsapp_image_2023-09-15_at_08.34.59.jpg","jetpack_sharing_enabled":true,"_links":{"self":[{"href":"https:\/\/www.paranapraia.com.br\/index.php\/wp-json\/wp\/v2\/posts\/54281"}],"collection":[{"href":"https:\/\/www.paranapraia.com.br\/index.php\/wp-json\/wp\/v2\/posts"}],"about":[{"href":"https:\/\/www.paranapraia.com.br\/index.php\/wp-json\/wp\/v2\/types\/post"}],"author":[{"embeddable":true,"href":"https:\/\/www.paranapraia.com.br\/index.php\/wp-json\/wp\/v2\/users\/2"}],"replies":[{"embeddable":true,"href":"https:\/\/www.paranapraia.com.br\/index.php\/wp-json\/wp\/v2\/comments?post=54281"}],"version-history":[{"count":1,"href":"https:\/\/www.paranapraia.com.br\/index.php\/wp-json\/wp\/v2\/posts\/54281\/revisions"}],"predecessor-version":[{"id":54283,"href":"https:\/\/www.paranapraia.com.br\/index.php\/wp-json\/wp\/v2\/posts\/54281\/revisions\/54283"}],"wp:featuredmedia":[{"embeddable":true,"href":"https:\/\/www.paranapraia.com.br\/index.php\/wp-json\/wp\/v2\/media\/54282"}],"wp:attachment":[{"href":"https:\/\/www.paranapraia.com.br\/index.php\/wp-json\/wp\/v2\/media?parent=54281"}],"wp:term":[{"taxonomy":"category","embeddable":true,"href":"https:\/\/www.paranapraia.com.br\/index.php\/wp-json\/wp\/v2\/categories?post=54281"},{"taxonomy":"post_tag","embeddable":true,"href":"https:\/\/www.paranapraia.com.br\/index.php\/wp-json\/wp\/v2\/tags?post=54281"}],"curies":[{"name":"wp","href":"https:\/\/api.w.org\/{rel}","templated":true}]}}