{"id":54274,"date":"2023-09-15T11:19:30","date_gmt":"2023-09-15T14:19:30","guid":{"rendered":"https:\/\/www.paranapraia.com.br\/?p=54274"},"modified":"2023-09-15T11:19:31","modified_gmt":"2023-09-15T14:19:31","slug":"com-participacao-de-grandes-atletas-parana-sedia-1-forum-estadual-de-formacao-esportiva","status":"publish","type":"post","link":"https:\/\/www.paranapraia.com.br\/index.php\/2023\/09\/15\/com-participacao-de-grandes-atletas-parana-sedia-1-forum-estadual-de-formacao-esportiva\/","title":{"rendered":"Com participa\u00e7\u00e3o de grandes atletas, Paran\u00e1 sedia 1\u00b0 f\u00f3rum estadual de forma\u00e7\u00e3o esportiva"},"content":{"rendered":"\n<p>Com presen\u00e7a de campe\u00f5es ol\u00edmpicos como Emanuel Rego, Andr\u00e9 Heller e Lars Grael, o Paran\u00e1 recebeu nesta quinta-feira (14), em Curitiba, o F\u00f3rum Estadual de Forma\u00e7\u00e3o Esportiva. <\/p>\n\n\n\n<p>O evento contou com a participa\u00e7\u00e3o de quase 500 pessoas entre atletas, t\u00e9cnicos, investidores e gestores esportivos.Realizado pelo Comit\u00ea Brasileiro de Clubes (CBC), em parceria com o Sindiclubes-PR, Governo do Estado, Prefeitura de Curitiba e o apoio do Comit\u00ea Ol\u00edmpico do Brasil e governo federal, o f\u00f3rum foi realizado no Cube Curitibano.<\/p>\n\n\n\n<p>Pela primeira vez, o CBC promoveu o F\u00f3rum de Forma\u00e7\u00e3o Esportiva no \u00e2mbito estadual, de forma mais regionalizada, sendo o Paran\u00e1 o primeiro a receber o evento nesse novo molde. O f\u00f3rum tem como objetivo contribuir para a Rede Nacional de Clubes Formadores e democratizar a forma\u00e7\u00e3o de atletas de modalidades ol\u00edmpicas, assim fortalecendo o esporte nacional.<\/p>\n\n\n\n<p>A programa\u00e7\u00e3o contou com diversas palestras sobre Curitiba como a capital do esporte, a parceria com clubes, o programa estadual Esporte Que Queremos (que orienta a capacita\u00e7\u00e3o do segmento), o Comit\u00ea Brasileiro de Clubes, al\u00e9m de palestras e mesa-redonda com os medalhistas ol\u00edmpicos e embaixadores do Comit\u00ea Brasileiro de Clubes, Emanuel Rego (v\u00f4lei de praia), Andr\u00e9 Heller (v\u00f4lei) e Lars Grael (velejador).Segundo o secret\u00e1rio estadual do Esporte, Helio Wirbiski, o F\u00f3rum Estadual de Forma\u00e7\u00e3o Esportiva abre portas para a evolu\u00e7\u00e3o do desporto n\u00e3o s\u00f3 no Paran\u00e1, mas no Brasil.<\/p>\n\n\n\n<p> \u201c\u00c9 muito importante o trabalho que o CBC vem desenvolvendo e esse f\u00f3rum, com certeza, vai ficar como exemplo para o Brasil, agregando muito nas discuss\u00f5es sobre forma\u00e7\u00e3o de atletas, investimento e pol\u00edticas p\u00fablicas\u201d, disse.Jair Pereira, presidente do Conselho Consultivo do CBC, falou sobre o objetivo do evento. \u201cA ideia aqui \u00e9 que quem participou leve um pouco do aprendizado para as cidades e clubes para executar nas piscinas, quadras e canchas\u201d, disse.<\/p>\n\n\n\n<p> \u201cO CBC tem a responsabilidade de trazer os recursos que s\u00e3o necess\u00e1rios para que isso aconte\u00e7a para os clubes\u201d.O presidente do Clube Curitibano, Paulo Roberto Oliveira, destacou a import\u00e2ncia da alian\u00e7a entre entidades que comp\u00f5em o sistema nacional de desporto de como clubes, comit\u00eas, federa\u00e7\u00f5es e confedera\u00e7\u00f5es. <\/p>\n\n\n\n<p>\u201cEssa alian\u00e7a representa um movimento unificado com um objetivo claro de transformar o Pa\u00eds em um celeiro esportivo e, acima de tudo, na forma\u00e7\u00e3o de cidad\u00e3os exemplares. E esse evento representa a uni\u00e3o de diversas entidades comprometidas com o desenvolvimento do esporte em nossa cidade, no Estado e no Brasil\u201d, afirmou.<\/p>\n\n\n\n<p>Para o medalhista ol\u00edmpico e embaixador do Comit\u00ea Brasileiro de Clubes, Emanuel Rego, e evento \u00e9 importante, pois permite o encontro de pessoas e ideias para discutir quest\u00f5es relevantes ao esporte de forma\u00e7\u00e3o.<\/p>\n\n\n\n<p>\u201cSempre tenho na minha cabe\u00e7a que esporte \u00e9 trabalho de equipe onde n\u00f3s podemos ajudar uns aos outros. Nesse primeiro f\u00f3rum aqui no Paran\u00e1 j\u00e1 temos uma troca de experi\u00eancias onde todos podem sair vencedores, tudo a partir da troca de conhecimentos. A forma\u00e7\u00e3o \u00e9 feita por profissionais que come\u00e7am l\u00e1 na base, tentando apaixonar os atletas para eles chegarem l\u00e1 no alto n\u00edvel\u201d, analisou.<\/p>\n\n\n\n<p>AEN<\/p>\n","protected":false},"excerpt":{"rendered":"<p>Com presen\u00e7a de campe\u00f5es ol\u00edmpicos como Emanuel Rego, Andr\u00e9 Heller e Lars Grael, o Paran\u00e1 recebeu nesta quinta-feira (14), em Curitiba, o F\u00f3rum Estadual de Forma\u00e7\u00e3o Esportiva. O evento contou com a participa\u00e7\u00e3o de quase 500 pessoas entre atletas, t\u00e9cnicos, investidores e gestores esportivos.Realizado pelo Comit\u00ea Brasileiro de Clubes (CBC), em parceria com o Sindiclubes-PR, [&hellip;]<\/p>\n","protected":false},"author":2,"featured_media":54275,"comment_status":"open","ping_status":"open","sticky":false,"template":"","format":"standard","meta":{"advanced_seo_description":"","jetpack_seo_html_title":"","jetpack_seo_noindex":false,"_jetpack_memberships_contains_paid_content":false,"footnotes":""},"categories":[40],"tags":[],"class_list":{"0":"post-54274","1":"post","2":"type-post","3":"status-publish","4":"format-standard","5":"has-post-thumbnail","7":"category-destaques"},"jetpack_featured_media_url":"https:\/\/www.paranapraia.com.br\/wp-content\/uploads\/2023\/09\/img_8219-scaled.jpg","jetpack_sharing_enabled":true,"_links":{"self":[{"href":"https:\/\/www.paranapraia.com.br\/index.php\/wp-json\/wp\/v2\/posts\/54274"}],"collection":[{"href":"https:\/\/www.paranapraia.com.br\/index.php\/wp-json\/wp\/v2\/posts"}],"about":[{"href":"https:\/\/www.paranapraia.com.br\/index.php\/wp-json\/wp\/v2\/types\/post"}],"author":[{"embeddable":true,"href":"https:\/\/www.paranapraia.com.br\/index.php\/wp-json\/wp\/v2\/users\/2"}],"replies":[{"embeddable":true,"href":"https:\/\/www.paranapraia.com.br\/index.php\/wp-json\/wp\/v2\/comments?post=54274"}],"version-history":[{"count":1,"href":"https:\/\/www.paranapraia.com.br\/index.php\/wp-json\/wp\/v2\/posts\/54274\/revisions"}],"predecessor-version":[{"id":54276,"href":"https:\/\/www.paranapraia.com.br\/index.php\/wp-json\/wp\/v2\/posts\/54274\/revisions\/54276"}],"wp:featuredmedia":[{"embeddable":true,"href":"https:\/\/www.paranapraia.com.br\/index.php\/wp-json\/wp\/v2\/media\/54275"}],"wp:attachment":[{"href":"https:\/\/www.paranapraia.com.br\/index.php\/wp-json\/wp\/v2\/media?parent=54274"}],"wp:term":[{"taxonomy":"category","embeddable":true,"href":"https:\/\/www.paranapraia.com.br\/index.php\/wp-json\/wp\/v2\/categories?post=54274"},{"taxonomy":"post_tag","embeddable":true,"href":"https:\/\/www.paranapraia.com.br\/index.php\/wp-json\/wp\/v2\/tags?post=54274"}],"curies":[{"name":"wp","href":"https:\/\/api.w.org\/{rel}","templated":true}]}}