{"id":54268,"date":"2023-09-13T17:07:04","date_gmt":"2023-09-13T20:07:04","guid":{"rendered":"https:\/\/www.paranapraia.com.br\/?p=54268"},"modified":"2023-09-13T17:07:05","modified_gmt":"2023-09-13T20:07:05","slug":"temporada-tera-shows-nacionais-e-publico-de-navios-de-cruzeiro-em-pontal-do-parana","status":"publish","type":"post","link":"https:\/\/www.paranapraia.com.br\/index.php\/2023\/09\/13\/temporada-tera-shows-nacionais-e-publico-de-navios-de-cruzeiro-em-pontal-do-parana\/","title":{"rendered":"Temporada ter\u00e1 shows nacionais e p\u00fablico de navios de cruzeiro em Pontal do Paran\u00e1"},"content":{"rendered":"\n<p><em>Centro de Eventos Marissol sediar\u00e1 apresenta\u00e7\u00f5es e servi\u00e7os p\u00fablicos ter\u00e3o refor\u00e7o do Governo do Paran\u00e1<\/em><\/p>\n\n\n\n<p>Entre os turistas e veranistas que pretendem visitar o litoral paranaense na pr\u00f3xima temporada de ver\u00e3o, milhares tem endere\u00e7o certo, as praias de Pontal do Paran\u00e1. Quem optar pela cidade encontrar\u00e1 a orla mais bem cuidada, passarelas ecol\u00f3gicas no acesso \u00e0 areia, chuveiros novos e, claro, algumas das praias mais limpas do Sul do Brasil.<\/p>\n\n\n\n<p>Para receber esse p\u00fablico \u2013 que rotativamente pode passar de um milh\u00e3o de pessoas \u2013 Pontal do Paran\u00e1 come\u00e7a a organizar, em parceria com o Governo do Paran\u00e1, a estrutura desse que pode ser o melhor ver\u00e3o de todos os tempos.<\/p>\n\n\n\n<p>Opera\u00e7\u00e3o Ver\u00e3o\/Ver\u00e3o Maior 2023\/2024<br>O lan\u00e7amento oficial do Ver\u00e3o Maior Paran\u00e1, do Governo do Estado, deve ocorrer em aproximadamente um m\u00eas. Em Pontal do Paran\u00e1, os preparativos j\u00e1 come\u00e7aram. Grandes shows musicais ser\u00e3o confirmados para o Centro de Eventos Marissol, em fase final de obras.<\/p>\n\n\n\n<p>No \u00faltimo ver\u00e3o foram seis semanas com atra\u00e7\u00f5es nas noites de sexta, s\u00e1bado e domingo. E ainda haver\u00e1 pelo menos 14 navios atracando em Paranagu\u00e1 durante temporada de cruzeiros (entre dezembro e mar\u00e7o) e isso deve atrair ainda mais gente \u00e0s praias.<\/p>\n\n\n\n<p>O prefeito Rud\u00e3o Gimenes participou em Curitiba, no Gabinete de Gest\u00e3o de Informa\u00e7\u00f5es (GGI) na ter\u00e7a (12) da primeira reuni\u00e3o para tratar detalhes da Opera\u00e7\u00e3o Ver\u00e3o 2023\/2024, com o secret\u00e1rio de Estado do Esporte, H\u00e9lio Wirbiski, coordenador geral da Opera\u00e7\u00e3o Ver\u00e3o, e representantes de v\u00e1rios \u00f3rg\u00e3os da administra\u00e7\u00e3o estadual, al\u00e9m do secret\u00e1rio de Esporte Cultura Lazer e Juventude de Pontal do Paran\u00e1, Jo\u00e3o Carlos Marcon.<\/p>\n\n\n\n<p>O prefeito confirmou que outras novidades ser\u00e3o anunciadas em breve. \u201cO p\u00fablico na nossa cidade aumenta muito nessa \u00e9poca. Por isso \u00e9 importante o papel do Governo do Paran\u00e1, que entra com refor\u00e7o junto \u00e0s prefeituras nas \u00e1reas de seguran\u00e7a p\u00fablica, atendimento \u00e0 sa\u00fade, refor\u00e7o na coleta de lixo, eventos culturais e refor\u00e7o nas opera\u00e7\u00f5es de abastecimento de \u00e1gua e energia el\u00e9trica, entre outras\u201d, explicou o prefeito.<\/p>\n\n\n\n<p>No \u00faltimo ver\u00e3o, somente nas unidades Pronto Atendimento 24 Horas compareceram 20 mil pessoas. \u201cPor isso os servi\u00e7os do Governo do Paran\u00e1 s\u00e3o important\u00edssimos e fazem toda a diferen\u00e7a numa cidade que salta de pouco mais de 30 mil habitantes para mais de 300 mil pessoas ao mesmo tempo, em m\u00e9dia, durante o ver\u00e3o\u201d, disse.<\/p>\n\n\n\n<p>Al\u00e9m das atividades do Ver\u00e3o Maior, durante a reuni\u00e3o foram discutidos tamb\u00e9m detalhes da Opera\u00e7\u00e3o Ver\u00e3o, que exige envolvimento da PM e Policia Civil, Bombeiros, Copel, Sanepar e Defesa Civil, entre outros, do come\u00e7o ao fim da temporada.<\/p>\n\n\n\n<p>Assessoria<\/p>\n","protected":false},"excerpt":{"rendered":"<p>Centro de Eventos Marissol sediar\u00e1 apresenta\u00e7\u00f5es e servi\u00e7os p\u00fablicos ter\u00e3o refor\u00e7o do Governo do Paran\u00e1 Entre os turistas e veranistas que pretendem visitar o litoral paranaense na pr\u00f3xima temporada de ver\u00e3o, milhares tem endere\u00e7o certo, as praias de Pontal do Paran\u00e1. Quem optar pela cidade encontrar\u00e1 a orla mais bem cuidada, passarelas ecol\u00f3gicas no acesso [&hellip;]<\/p>\n","protected":false},"author":2,"featured_media":54269,"comment_status":"open","ping_status":"open","sticky":false,"template":"","format":"standard","meta":{"advanced_seo_description":"","jetpack_seo_html_title":"","jetpack_seo_noindex":false,"_jetpack_memberships_contains_paid_content":false,"footnotes":""},"categories":[65],"tags":[],"class_list":{"0":"post-54268","1":"post","2":"type-post","3":"status-publish","4":"format-standard","5":"has-post-thumbnail","7":"category-pontal-do-parana"},"jetpack_featured_media_url":"https:\/\/www.paranapraia.com.br\/wp-content\/uploads\/2023\/09\/FB_IMG_1694635473013.jpg","jetpack_sharing_enabled":true,"_links":{"self":[{"href":"https:\/\/www.paranapraia.com.br\/index.php\/wp-json\/wp\/v2\/posts\/54268"}],"collection":[{"href":"https:\/\/www.paranapraia.com.br\/index.php\/wp-json\/wp\/v2\/posts"}],"about":[{"href":"https:\/\/www.paranapraia.com.br\/index.php\/wp-json\/wp\/v2\/types\/post"}],"author":[{"embeddable":true,"href":"https:\/\/www.paranapraia.com.br\/index.php\/wp-json\/wp\/v2\/users\/2"}],"replies":[{"embeddable":true,"href":"https:\/\/www.paranapraia.com.br\/index.php\/wp-json\/wp\/v2\/comments?post=54268"}],"version-history":[{"count":1,"href":"https:\/\/www.paranapraia.com.br\/index.php\/wp-json\/wp\/v2\/posts\/54268\/revisions"}],"predecessor-version":[{"id":54270,"href":"https:\/\/www.paranapraia.com.br\/index.php\/wp-json\/wp\/v2\/posts\/54268\/revisions\/54270"}],"wp:featuredmedia":[{"embeddable":true,"href":"https:\/\/www.paranapraia.com.br\/index.php\/wp-json\/wp\/v2\/media\/54269"}],"wp:attachment":[{"href":"https:\/\/www.paranapraia.com.br\/index.php\/wp-json\/wp\/v2\/media?parent=54268"}],"wp:term":[{"taxonomy":"category","embeddable":true,"href":"https:\/\/www.paranapraia.com.br\/index.php\/wp-json\/wp\/v2\/categories?post=54268"},{"taxonomy":"post_tag","embeddable":true,"href":"https:\/\/www.paranapraia.com.br\/index.php\/wp-json\/wp\/v2\/tags?post=54268"}],"curies":[{"name":"wp","href":"https:\/\/api.w.org\/{rel}","templated":true}]}}