{"id":54244,"date":"2023-09-13T16:17:19","date_gmt":"2023-09-13T19:17:19","guid":{"rendered":"https:\/\/www.paranapraia.com.br\/?p=54244"},"modified":"2023-09-13T16:18:59","modified_gmt":"2023-09-13T19:18:59","slug":"festival-paralimpico-tera-segunda-edicao-em-matinhos","status":"publish","type":"post","link":"https:\/\/www.paranapraia.com.br\/index.php\/2023\/09\/13\/festival-paralimpico-tera-segunda-edicao-em-matinhos\/","title":{"rendered":"Festival Paral\u00edmpico ter\u00e1 segunda edi\u00e7\u00e3o em Matinhos"},"content":{"rendered":"\n<p>Matinhos receber\u00e1 mais uma vez o Festival Paral\u00edmpico. O evento est\u00e1 marcado para o dia 23 (s\u00e1bado), na Arena Vicente Gurski. Essa ser\u00e1 a segunda edi\u00e7\u00e3o do festival em 2023. A primeira tamb\u00e9m aconteceu na Arena, em maio. Na ocasi\u00e3o, foram apresentadas cinco modalidades: atletismo, golbol, futebol de cegos, bocha paral\u00edmpica e v\u00f4lei sentado.<\/p>\n\n\n\n<p>O evento tem o objetivo de promover a experimenta\u00e7\u00e3o esportiva para crian\u00e7as e adolescentes, com e sem defici\u00eancia, de 8 a 17 anos. Realizado simultaneamente em v\u00e1rios pontos por todo o pa\u00eds, o festival \u00e9 a maior mobiliza\u00e7\u00e3o do esporte paral\u00edmpico no Brasil.<\/p>\n\n\n\n<p>O 2.\u00ba Festival Paral\u00edmpico tem o apoio da Prefeitura de Matinhos. A organiza\u00e7\u00e3o \u00e9 do Comit\u00ea Paral\u00edmpico Brasileiro.<\/p>\n\n\n\n<p>Departamento de Comunica\u00e7\u00e3o<br>Prefeitura de Matinhos<\/p>\n\n\n\n<p>Acesse o nosso portal: https:\/\/matinhos.atende.net\/cidadao\/noticia\/festival-paralimpico-tera-segunda-edicao-em-nossa-cidade<\/p>\n\n\n\n<h1 class=\"wp-block-heading\">FestivalParal\u00edmpico #LoteriasCaixa #Paral\u00edmpico #ArenaVicenteGurski #SecretariaDeEduca\u00e7\u00e3o #PrefeituraDeMatinhos #UmaCidadeParaTodos #Matinhos #LitoralPR<\/h1>\n","protected":false},"excerpt":{"rendered":"<p>Matinhos receber\u00e1 mais uma vez o Festival Paral\u00edmpico. O evento est\u00e1 marcado para o dia 23 (s\u00e1bado), na Arena Vicente Gurski. Essa ser\u00e1 a segunda edi\u00e7\u00e3o do festival em 2023. A primeira tamb\u00e9m aconteceu na Arena, em maio. Na ocasi\u00e3o, foram apresentadas cinco modalidades: atletismo, golbol, futebol de cegos, bocha paral\u00edmpica e v\u00f4lei sentado. O [&hellip;]<\/p>\n","protected":false},"author":2,"featured_media":54245,"comment_status":"open","ping_status":"open","sticky":false,"template":"","format":"standard","meta":{"advanced_seo_description":"","jetpack_seo_html_title":"","jetpack_seo_noindex":false,"_jetpack_memberships_contains_paid_content":false,"footnotes":""},"categories":[88],"tags":[],"class_list":{"0":"post-54244","1":"post","2":"type-post","3":"status-publish","4":"format-standard","5":"has-post-thumbnail","7":"category-matinhos"},"jetpack_featured_media_url":"https:\/\/www.paranapraia.com.br\/wp-content\/uploads\/2023\/09\/FB_IMG_1694632571385.jpg","jetpack_sharing_enabled":true,"_links":{"self":[{"href":"https:\/\/www.paranapraia.com.br\/index.php\/wp-json\/wp\/v2\/posts\/54244"}],"collection":[{"href":"https:\/\/www.paranapraia.com.br\/index.php\/wp-json\/wp\/v2\/posts"}],"about":[{"href":"https:\/\/www.paranapraia.com.br\/index.php\/wp-json\/wp\/v2\/types\/post"}],"author":[{"embeddable":true,"href":"https:\/\/www.paranapraia.com.br\/index.php\/wp-json\/wp\/v2\/users\/2"}],"replies":[{"embeddable":true,"href":"https:\/\/www.paranapraia.com.br\/index.php\/wp-json\/wp\/v2\/comments?post=54244"}],"version-history":[{"count":1,"href":"https:\/\/www.paranapraia.com.br\/index.php\/wp-json\/wp\/v2\/posts\/54244\/revisions"}],"predecessor-version":[{"id":54246,"href":"https:\/\/www.paranapraia.com.br\/index.php\/wp-json\/wp\/v2\/posts\/54244\/revisions\/54246"}],"wp:featuredmedia":[{"embeddable":true,"href":"https:\/\/www.paranapraia.com.br\/index.php\/wp-json\/wp\/v2\/media\/54245"}],"wp:attachment":[{"href":"https:\/\/www.paranapraia.com.br\/index.php\/wp-json\/wp\/v2\/media?parent=54244"}],"wp:term":[{"taxonomy":"category","embeddable":true,"href":"https:\/\/www.paranapraia.com.br\/index.php\/wp-json\/wp\/v2\/categories?post=54244"},{"taxonomy":"post_tag","embeddable":true,"href":"https:\/\/www.paranapraia.com.br\/index.php\/wp-json\/wp\/v2\/tags?post=54244"}],"curies":[{"name":"wp","href":"https:\/\/api.w.org\/{rel}","templated":true}]}}